{"id":64395,"date":"2025-03-04T12:17:12","date_gmt":"2025-03-04T18:17:12","guid":{"rendered":"https:\/\/encuentroinformativo.com.mx\/?p=64395"},"modified":"2025-03-04T12:17:12","modified_gmt":"2025-03-04T18:17:12","slug":"vigila-mision-magisterial-entrega-de-plazas","status":"publish","type":"post","link":"https:\/\/encuentroinformativo.com.mx\/?p=64395","title":{"rendered":"Vigila Misi\u00f3n Magisterial entrega de plazas"},"content":{"rendered":"<p><strong style=\"font-size: 1rem;\">Dar\u00edo Pale<\/strong><\/p>\n<p>Xalapa, Ver.- Dan seguimiento puntual a la entrega de plazas docentes por medio de USICAMM, a los j\u00f3venes mejor preparados y evitar el influyentismo, as\u00ed lo dio a conocer la maestra Miriam L\u00f3pez Cruz, presidenta de la Asociaci\u00f3n Civil &#8220;Misi\u00f3n Magisterial&#8221;, quien fue acompa\u00f1ada de integrantes de la Asociaci\u00f3n.<\/p>\n<p>En conferencia de prensa se\u00f1al\u00f3 que apoyan a los egresados de las diferentes instituciones p\u00fablicas y privadas como las Normales, la Universidad Pedag\u00f3gica Nacional, de la Facultad de Pedagog\u00eda de la Universidad Veracruzana, entre otras.<\/p>\n<p>&#8220;Estamos haciendo un recorrido por todo el estado y hemos estado pendientes de que las plazas definitivas y temporales sean asignadas sin corrupci\u00f3n, de manera transparente por parte del programa Unidad del Sistema para la Carrera de Maestras y Maestros (USICAMM), de la Secretar\u00eda de Educaci\u00f3n P\u00fablica (SEP) y de la Secretar\u00eda de Educaci\u00f3n de Veracruz (SEV), a todos los j\u00f3venes que salen en la lista de la p\u00e1gina de USICAMM, con n\u00famero de ordenamiento, seg\u00fan la calificaci\u00f3n del examen, el puntaje de los cursos y de la Normal de la que egresaron&#8221;, se\u00f1al\u00f3.<\/p>\n<p>Miriam L\u00f3pez Cruz expuso que esto se rige con base en la Ley de Carrera de las Maestras y de los Maestros que est\u00e1 publicada desde 2018 a nivel nacional.<\/p>\n<p>&#8220;La Ley establece que tenemos un programa para asignaci\u00f3n de plazas de educaci\u00f3n b\u00e1sica, desde preescolar hasta nivel secundaria y Telesecundaria, pasando por primaria. Nos hemos dado a la tarea de que se haga de manera transparente y sin corrupci\u00f3n&#8221;, coment\u00f3.<\/p>\n<p>La maestra record\u00f3 que ha habido manifestaciones por los faltantes que han quedado en las escuelas, a partir de las jubilaciones. &#8220;Por cada baja se debe generar, por lo menos, una plaza de nueva creaci\u00f3n&#8221;.<\/p>\n<p>Por ello, indic\u00f3 que desde hace diez d\u00edas, USICAMM hizo el segundo llamado a los egresados aspirantes a las plazas que han salido, &#8220;que tienen un ordenamiento que se tiene que respetar y deben llegar los j\u00f3venes m\u00e1s preparados, los expertos que se ganaron una plaza definitiva&#8221;.<\/p>\n<p>En esta segunda vuelta para educaci\u00f3n primaria se ofertaron 800 lugares, plazas definitivas y temporales. En Telesecundaria fueron 300.<\/p>\n<p>En ese sentido, subray\u00f3 que no se debe permitir que se asignen a quienes no est\u00e1n calificados para estar frente al aula.<\/p>\n<p>&#8220;Las plazas de educaci\u00f3n b\u00e1sica no se otorgan al sindicato, se otorgan por USICAMM, es la ley y nos hemos dado a la tarea que no haya corrupci\u00f3n ni en la asignaci\u00f3n de plazas, ni en los cambios de adscripci\u00f3n, ni tampoco en la promoci\u00f3n horizontal y vertical. Hay que reconocer que la Secretar\u00eda de Educaci\u00f3n est\u00e1 actuando de manera correcta&#8221;, expuso.<\/p>\n<p>Finalmente, la profesora Miriam L\u00f3pez Cruz destac\u00f3 que la Asociaci\u00f3n Civil &#8220;Misi\u00f3n Magisterial&#8221; tiene m\u00e1s de 20 a\u00f1os de fundaci\u00f3n. Tienen estructura desde P\u00e1nuco hasta Coatzacoalcos, por lo que docentes y padres de familia revisan que lleguen a las escuelas los j\u00f3venes que recibieron plazas.<\/p>\n","protected":false},"excerpt":{"rendered":"<p>Dar\u00edo Pale Xalapa, Ver.- Dan seguimiento puntual a la entrega de plazas docentes por medio de USICAMM, a los j\u00f3venes mejor preparados y evitar el influyentismo, as\u00ed lo dio a conocer la maestra Miriam L\u00f3pez Cruz, presidenta de la Asociaci\u00f3n Civil &#8220;Misi\u00f3n Magisterial&#8221;, quien fue acompa\u00f1ada de integrantes de la Asociaci\u00f3n. En conferencia de prensa [&hellip;]<\/p>\n","protected":false},"author":2476,"featured_media":64396,"comment_status":"open","ping_status":"open","sticky":false,"template":"","format":"standard","meta":{"_jetpack_memberships_contains_paid_content":false,"footnotes":""},"categories":[2],"tags":[],"class_list":["post-64395","post","type-post","status-publish","format-standard","has-post-thumbnail","hentry","category-estado"],"jetpack_featured_media_url":"https:\/\/encuentroinformativo.com.mx\/wp-content\/uploads\/2025\/03\/IMG-20250304-WA0135.jpg","jetpack_sharing_enabled":true,"jetpack_likes_enabled":true,"amp_enabled":true,"_links":{"self":[{"href":"https:\/\/encuentroinformativo.com.mx\/index.php?rest_route=\/wp\/v2\/posts\/64395","targetHints":{"allow":["GET"]}}],"collection":[{"href":"https:\/\/encuentroinformativo.com.mx\/index.php?rest_route=\/wp\/v2\/posts"}],"about":[{"href":"https:\/\/encuentroinformativo.com.mx\/index.php?rest_route=\/wp\/v2\/types\/post"}],"author":[{"embeddable":true,"href":"https:\/\/encuentroinformativo.com.mx\/index.php?rest_route=\/wp\/v2\/users\/2476"}],"replies":[{"embeddable":true,"href":"https:\/\/encuentroinformativo.com.mx\/index.php?rest_route=%2Fwp%2Fv2%2Fcomments&post=64395"}],"version-history":[{"count":1,"href":"https:\/\/encuentroinformativo.com.mx\/index.php?rest_route=\/wp\/v2\/posts\/64395\/revisions"}],"predecessor-version":[{"id":64397,"href":"https:\/\/encuentroinformativo.com.mx\/index.php?rest_route=\/wp\/v2\/posts\/64395\/revisions\/64397"}],"wp:featuredmedia":[{"embeddable":true,"href":"https:\/\/encuentroinformativo.com.mx\/index.php?rest_route=\/wp\/v2\/media\/64396"}],"wp:attachment":[{"href":"https:\/\/encuentroinformativo.com.mx\/index.php?rest_route=%2Fwp%2Fv2%2Fmedia&parent=64395"}],"wp:term":[{"taxonomy":"category","embeddable":true,"href":"https:\/\/encuentroinformativo.com.mx\/index.php?rest_route=%2Fwp%2Fv2%2Fcategories&post=64395"},{"taxonomy":"post_tag","embeddable":true,"href":"https:\/\/encuentroinformativo.com.mx\/index.php?rest_route=%2Fwp%2Fv2%2Ftags&post=64395"}],"curies":[{"name":"wp","href":"https:\/\/api.w.org\/{rel}","templated":true}]}}