{"id":64398,"date":"2025-03-04T12:24:26","date_gmt":"2025-03-04T18:24:26","guid":{"rendered":"https:\/\/encuentroinformativo.com.mx\/?p=64398"},"modified":"2025-03-04T12:24:26","modified_gmt":"2025-03-04T18:24:26","slug":"chocan-y-se-incendian-dos-vehiculos-en-carretera-de-la-tinaja","status":"publish","type":"post","link":"https:\/\/encuentroinformativo.com.mx\/?p=64398","title":{"rendered":"Chocan y se incendian dos veh\u00edculos en carretera de La Tinaja"},"content":{"rendered":"<p><strong style=\"font-size: 1rem;\">Alejandro \u00c1vila<\/strong><\/p>\n<p>Cuitl\u00e1huac, Ver.- Un aparatoso choque se suscit\u00f3 la tarde de este martes sobre la carretera federal Cuitl\u00e1huac &#8211; La Tinaja a la altura de la localidad Palma Sola; el siniestro alarm\u00f3 a los conductores ya que pocos segundos despu\u00e9s ambas unidades se incendiaron.<\/p>\n<p>Tras el llamado de auxilio al n\u00famero de emergencia 911, elementos de la Polic\u00eda Municipal y Bomberos del municipio de Cuitlahuac as\u00ed como param\u00e9dicos de SAMUV, se dirigieron al punto para sofocar el fuego y brindar atenci\u00f3n a las v\u00edctimas.<\/p>\n<p>Seg\u00fan testigos, se trat\u00f3 del choque entre una camioneta y un veh\u00edculo particular del cual no se ha logrado conseguir sus caracter\u00edsticas, se espera que en pr\u00f3ximos minutos se puedan conocer el nombre de los involucrados en el choque, donde hasta el momento se desconoce la gravedad de sus heridas.<\/p>\n","protected":false},"excerpt":{"rendered":"<p>Alejandro \u00c1vila Cuitl\u00e1huac, Ver.- Un aparatoso choque se suscit\u00f3 la tarde de este martes sobre la carretera federal Cuitl\u00e1huac &#8211; La Tinaja a la altura de la localidad Palma Sola; el siniestro alarm\u00f3 a los conductores ya que pocos segundos despu\u00e9s ambas unidades se incendiaron. Tras el llamado de auxilio al n\u00famero de emergencia 911, [&hellip;]<\/p>\n","protected":false},"author":2476,"featured_media":64399,"comment_status":"open","ping_status":"open","sticky":false,"template":"","format":"standard","meta":{"_jetpack_memberships_contains_paid_content":false,"footnotes":""},"categories":[2],"tags":[],"class_list":["post-64398","post","type-post","status-publish","format-standard","has-post-thumbnail","hentry","category-estado"],"jetpack_featured_media_url":"https:\/\/encuentroinformativo.com.mx\/wp-content\/uploads\/2025\/03\/IMG-20250304-WA01312.jpg","jetpack_sharing_enabled":true,"jetpack_likes_enabled":true,"amp_enabled":true,"_links":{"self":[{"href":"https:\/\/encuentroinformativo.com.mx\/index.php?rest_route=\/wp\/v2\/posts\/64398","targetHints":{"allow":["GET"]}}],"collection":[{"href":"https:\/\/encuentroinformativo.com.mx\/index.php?rest_route=\/wp\/v2\/posts"}],"about":[{"href":"https:\/\/encuentroinformativo.com.mx\/index.php?rest_route=\/wp\/v2\/types\/post"}],"author":[{"embeddable":true,"href":"https:\/\/encuentroinformativo.com.mx\/index.php?rest_route=\/wp\/v2\/users\/2476"}],"replies":[{"embeddable":true,"href":"https:\/\/encuentroinformativo.com.mx\/index.php?rest_route=%2Fwp%2Fv2%2Fcomments&post=64398"}],"version-history":[{"count":1,"href":"https:\/\/encuentroinformativo.com.mx\/index.php?rest_route=\/wp\/v2\/posts\/64398\/revisions"}],"predecessor-version":[{"id":64400,"href":"https:\/\/encuentroinformativo.com.mx\/index.php?rest_route=\/wp\/v2\/posts\/64398\/revisions\/64400"}],"wp:featuredmedia":[{"embeddable":true,"href":"https:\/\/encuentroinformativo.com.mx\/index.php?rest_route=\/wp\/v2\/media\/64399"}],"wp:attachment":[{"href":"https:\/\/encuentroinformativo.com.mx\/index.php?rest_route=%2Fwp%2Fv2%2Fmedia&parent=64398"}],"wp:term":[{"taxonomy":"category","embeddable":true,"href":"https:\/\/encuentroinformativo.com.mx\/index.php?rest_route=%2Fwp%2Fv2%2Fcategories&post=64398"},{"taxonomy":"post_tag","embeddable":true,"href":"https:\/\/encuentroinformativo.com.mx\/index.php?rest_route=%2Fwp%2Fv2%2Ftags&post=64398"}],"curies":[{"name":"wp","href":"https:\/\/api.w.org\/{rel}","templated":true}]}}