{"id":64412,"date":"2025-03-04T22:12:08","date_gmt":"2025-03-05T04:12:08","guid":{"rendered":"https:\/\/encuentroinformativo.com.mx\/?p=64412"},"modified":"2025-03-04T22:12:08","modified_gmt":"2025-03-05T04:12:08","slug":"foro-boca-joya-de-la-corona-de-las-convenciones-en-zona-conurbada","status":"publish","type":"post","link":"https:\/\/encuentroinformativo.com.mx\/?p=64412","title":{"rendered":"Foro Boca &#8220;Joya de la Corona&#8221; de las convenciones en zona conurbada\u00a0"},"content":{"rendered":"<p><strong style=\"font-size: 1rem;\">Alejandro \u00c1vila<\/strong><\/p>\n<p>Boca del R\u00edo, Ver.- El Foro Boca se ha convertido en la &#8220;Joya de la Corona&#8221; de las convenciones que se realizan en Veracruz y Boca del R\u00edo; es el sitio que normalmente apertura todos los eventos importantes que se realizan en la zona conurbada, se\u00f1al\u00f3 Denisse Balderas Acosta, director general de Foro Boca.<\/p>\n<p>El Foro Boca cuenta con tres plantas y siete espacios disponibles para eventos con p\u00fablico; siendo la Sala Mester la m\u00e1s grande con espacio para 960 personas, y el \u00c1gora una de las m\u00e1s peque\u00f1as con espacio para 100 personas.<\/p>\n<p>Como integrante de Congresos Veracruz, Foro Boca impulsa y pugna porque las diversas empresas traigan los eventos a la zona conurbada, situaci\u00f3n que deja gran derrama econ\u00f3mica en el sector tur\u00edstico y que en 2025 se vislumbran haya crecimiento importante.<\/p>\n<p>&#8220;La verdad es que Veracruz como destino es una muy bonita experiencia, y normalmente Foro Boca cada vez que hay un congreso se hace la ceremonia inaugural en la Sala Mester y despu\u00e9s el Foro Boca se activa en todos sus niveles para hacer un c\u00f3ctel de bienvenida. A veces se queda aqu\u00ed el congreso y a veces se comparte con el World Trade Center, que se hacen all\u00e1 los congresos, casi siempre en cualquier congreso Foro Boca es la Joya de la Corona por eso iniciamos aqu\u00ed, y nosotros, claro, estamos s\u00faper interesados en traer, eso no solo nos sirve a nosotros, sino que crea una derrama econ\u00f3mica a Boca del R\u00edo, Veracruz, Alvarado, a los hoteles, a los restaurantes, siempre tratamos de estar presentes y de ayudar a la econom\u00eda&#8221;, subray\u00f3.<\/p>\n<p>Para el primer semestre del 2025 se tienen agendados en el Foro Boca siete congresos y, se encuentran definiendo casi el doble para desarrollar en el segundo semestre del a\u00f1o.<\/p>\n","protected":false},"excerpt":{"rendered":"<p>Alejandro \u00c1vila Boca del R\u00edo, Ver.- El Foro Boca se ha convertido en la &#8220;Joya de la Corona&#8221; de las convenciones que se realizan en Veracruz y Boca del R\u00edo; es el sitio que normalmente apertura todos los eventos importantes que se realizan en la zona conurbada, se\u00f1al\u00f3 Denisse Balderas Acosta, director general de Foro [&hellip;]<\/p>\n","protected":false},"author":2476,"featured_media":64413,"comment_status":"open","ping_status":"open","sticky":false,"template":"","format":"standard","meta":{"_jetpack_memberships_contains_paid_content":false,"footnotes":""},"categories":[2],"tags":[],"class_list":["post-64412","post","type-post","status-publish","format-standard","has-post-thumbnail","hentry","category-estado"],"jetpack_featured_media_url":"https:\/\/encuentroinformativo.com.mx\/wp-content\/uploads\/2025\/03\/IMG-20250304-WA02122.jpg","jetpack_sharing_enabled":true,"jetpack_likes_enabled":true,"amp_enabled":true,"_links":{"self":[{"href":"https:\/\/encuentroinformativo.com.mx\/index.php?rest_route=\/wp\/v2\/posts\/64412","targetHints":{"allow":["GET"]}}],"collection":[{"href":"https:\/\/encuentroinformativo.com.mx\/index.php?rest_route=\/wp\/v2\/posts"}],"about":[{"href":"https:\/\/encuentroinformativo.com.mx\/index.php?rest_route=\/wp\/v2\/types\/post"}],"author":[{"embeddable":true,"href":"https:\/\/encuentroinformativo.com.mx\/index.php?rest_route=\/wp\/v2\/users\/2476"}],"replies":[{"embeddable":true,"href":"https:\/\/encuentroinformativo.com.mx\/index.php?rest_route=%2Fwp%2Fv2%2Fcomments&post=64412"}],"version-history":[{"count":1,"href":"https:\/\/encuentroinformativo.com.mx\/index.php?rest_route=\/wp\/v2\/posts\/64412\/revisions"}],"predecessor-version":[{"id":64414,"href":"https:\/\/encuentroinformativo.com.mx\/index.php?rest_route=\/wp\/v2\/posts\/64412\/revisions\/64414"}],"wp:featuredmedia":[{"embeddable":true,"href":"https:\/\/encuentroinformativo.com.mx\/index.php?rest_route=\/wp\/v2\/media\/64413"}],"wp:attachment":[{"href":"https:\/\/encuentroinformativo.com.mx\/index.php?rest_route=%2Fwp%2Fv2%2Fmedia&parent=64412"}],"wp:term":[{"taxonomy":"category","embeddable":true,"href":"https:\/\/encuentroinformativo.com.mx\/index.php?rest_route=%2Fwp%2Fv2%2Fcategories&post=64412"},{"taxonomy":"post_tag","embeddable":true,"href":"https:\/\/encuentroinformativo.com.mx\/index.php?rest_route=%2Fwp%2Fv2%2Ftags&post=64412"}],"curies":[{"name":"wp","href":"https:\/\/api.w.org\/{rel}","templated":true}]}}