{"id":64426,"date":"2025-03-05T14:35:07","date_gmt":"2025-03-05T20:35:07","guid":{"rendered":"https:\/\/encuentroinformativo.com.mx\/?p=64426"},"modified":"2025-03-05T14:35:07","modified_gmt":"2025-03-05T20:35:07","slug":"se-pronuncia-suma-contra-ley-del-issste","status":"publish","type":"post","link":"https:\/\/encuentroinformativo.com.mx\/?p=64426","title":{"rendered":"Se pronuncia SUMA contra Ley del ISSSTE"},"content":{"rendered":"<p><strong style=\"font-size: 1rem;\">Dar\u00edo Pale<\/strong><\/p>\n<p>Xalapa, Ver.- Despu\u00e9s de volver a tomar el cargo como Secretaria General del Sindicato Unificador Magisterial (SUMA), Mar\u00eda Minelia C\u00f3rdova Herrera, se pronunci\u00f3 en contra de la iniciativa de reforma de la Ley del ISSSTE, por lo que exhort\u00f3 a los dem\u00e1s sindicatos y a los trabajadores a unirse al rechazo para frenarla.<\/p>\n<p>En conferencia de prensa, di\u00f3 a conocer que a partir de est\u00e1 fecha, vuelve a asumir la secretar\u00eda general a petici\u00f3n de la base magisterial, despu\u00e9s de ocupar un puesto de relevancia en la Secretar\u00eda de Educaci\u00f3n de Veracruz (SEV), al frente de una direcci\u00f3n que es clave para la buena marcha de la educaci\u00f3n en todo el estado.<\/p>\n<p>Dijo que los retos de la Educaci\u00f3n en el estado de Veracruz, son formidables y demandan gente con gran compromiso para enfrentarlos y dar soluciones.<\/p>\n<p>Dio a conocer que el d\u00eda 28 de febrero present\u00f3 su renuncia al cargo y se reincorpor\u00f3 a las labores sindicales, por lo que el d\u00eda cuatro de febrero, se realiz\u00f3 una asamblea estatal de SUMA, en la cual le solicitaron que regresar\u00e1 al sindicato.<\/p>\n<p>En otro orden de ideas en lo que se refiere a la nueva ley del ISSSTE coment\u00f3 que, aunque la iniciativa tiene aspectos positivos, como la destinaci\u00f3n de recursos a la atenci\u00f3n m\u00e9dica y al FOVISSSTE para la construcci\u00f3n de viviendas a precios accesibles, la Ley no especifica el proceso para su distribuci\u00f3n.<\/p>\n<p>\u201cEsta Ley no satisface las necesidades de los compa\u00f1eros. Cre\u00edan que se tocar\u00eda un tema como la pensi\u00f3n, cosa que no incluye. Se abordan temas como la reducci\u00f3n de un poco del salario que tienen quienes perciben alrededor de 10 UMA al mes, lo que afecta la econom\u00eda. Tambi\u00e9n, las personas que no cumplen con esta cantidad, a la hora de promocionarse y alcanzar las 10 UMA mensuales ser\u00edan igualmente afectadas\u201d, coment\u00f3.<\/p>\n<p>Adem\u00e1s, explic\u00f3 que es necesario entablar comunicaci\u00f3n con otros l\u00edderes sindicales para unificar esfuerzos y fortalecer la relaci\u00f3n con dirigentes nacionales, con el fin de acordar acciones en los pr\u00f3ximos d\u00edas.<\/p>\n<p>Finalmente en este sentido, no descart\u00f3 la realizaci\u00f3n de marchas, esto pese a que la Presidenta hab\u00eda anunciado la pausa de esta iniciativa, C\u00f3rdova Herrera asever\u00f3 que debe echarse abajo y eliminarse de la C\u00e1mara.<\/p>\n","protected":false},"excerpt":{"rendered":"<p>Dar\u00edo Pale Xalapa, Ver.- Despu\u00e9s de volver a tomar el cargo como Secretaria General del Sindicato Unificador Magisterial (SUMA), Mar\u00eda Minelia C\u00f3rdova Herrera, se pronunci\u00f3 en contra de la iniciativa de reforma de la Ley del ISSSTE, por lo que exhort\u00f3 a los dem\u00e1s sindicatos y a los trabajadores a unirse al rechazo para frenarla. [&hellip;]<\/p>\n","protected":false},"author":2476,"featured_media":64427,"comment_status":"open","ping_status":"open","sticky":false,"template":"","format":"standard","meta":{"_jetpack_memberships_contains_paid_content":false,"footnotes":""},"categories":[2],"tags":[],"class_list":["post-64426","post","type-post","status-publish","format-standard","has-post-thumbnail","hentry","category-estado"],"jetpack_featured_media_url":"https:\/\/encuentroinformativo.com.mx\/wp-content\/uploads\/2025\/03\/IMG-20250305-WA0185.jpg","jetpack_sharing_enabled":true,"jetpack_likes_enabled":true,"amp_enabled":true,"_links":{"self":[{"href":"https:\/\/encuentroinformativo.com.mx\/index.php?rest_route=\/wp\/v2\/posts\/64426","targetHints":{"allow":["GET"]}}],"collection":[{"href":"https:\/\/encuentroinformativo.com.mx\/index.php?rest_route=\/wp\/v2\/posts"}],"about":[{"href":"https:\/\/encuentroinformativo.com.mx\/index.php?rest_route=\/wp\/v2\/types\/post"}],"author":[{"embeddable":true,"href":"https:\/\/encuentroinformativo.com.mx\/index.php?rest_route=\/wp\/v2\/users\/2476"}],"replies":[{"embeddable":true,"href":"https:\/\/encuentroinformativo.com.mx\/index.php?rest_route=%2Fwp%2Fv2%2Fcomments&post=64426"}],"version-history":[{"count":1,"href":"https:\/\/encuentroinformativo.com.mx\/index.php?rest_route=\/wp\/v2\/posts\/64426\/revisions"}],"predecessor-version":[{"id":64428,"href":"https:\/\/encuentroinformativo.com.mx\/index.php?rest_route=\/wp\/v2\/posts\/64426\/revisions\/64428"}],"wp:featuredmedia":[{"embeddable":true,"href":"https:\/\/encuentroinformativo.com.mx\/index.php?rest_route=\/wp\/v2\/media\/64427"}],"wp:attachment":[{"href":"https:\/\/encuentroinformativo.com.mx\/index.php?rest_route=%2Fwp%2Fv2%2Fmedia&parent=64426"}],"wp:term":[{"taxonomy":"category","embeddable":true,"href":"https:\/\/encuentroinformativo.com.mx\/index.php?rest_route=%2Fwp%2Fv2%2Fcategories&post=64426"},{"taxonomy":"post_tag","embeddable":true,"href":"https:\/\/encuentroinformativo.com.mx\/index.php?rest_route=%2Fwp%2Fv2%2Ftags&post=64426"}],"curies":[{"name":"wp","href":"https:\/\/api.w.org\/{rel}","templated":true}]}}