{"id":64472,"date":"2025-03-06T15:55:19","date_gmt":"2025-03-06T21:55:19","guid":{"rendered":"https:\/\/encuentroinformativo.com.mx\/?p=64472"},"modified":"2025-03-06T15:55:19","modified_gmt":"2025-03-06T21:55:19","slug":"se-debe-sustituir-a-cuerpos-policiacos-que-no-dan-resultados-diputado","status":"publish","type":"post","link":"https:\/\/encuentroinformativo.com.mx\/?p=64472","title":{"rendered":"Se debe sustituir a cuerpos polic\u00edacos que no dan resultados: Diputado"},"content":{"rendered":"<p><strong><span style=\"font-size: 1rem;\">Dar\u00edo Pale<\/span><\/strong><\/p>\n<p>Xalapa, Ver.- Cuando un cuerpo policiaco como el de Fort\u00edn no da resultados, se tiene que sustituir y sustituir a sus mandos, y considero que debe existir una coordinaci\u00f3n de polic\u00edas federales, otra de polic\u00edas estatales y municipales para que haya mejores resultados en materia de seguridad, as\u00ed lo dio a conocer el diputado local priista Hector Yunes Landa.<\/p>\n<p>En entrevista se\u00f1al\u00f3, &#8220;que cada una tenga su propia tarea. Yo creo que integrar un mando \u00fanico no vimos que tuviese el resultado que se pretend\u00eda. No era una mala idea, pero hab\u00eda que probar su eficacia y no prob\u00f3 ser eficaz&#8221;.<\/p>\n<p>Lo anterior es en relaci\u00f3n a los hechos registrados en el municipio de Fort\u00edn, en donde la madrugada de este s\u00e1bado, un polic\u00eda municipal de ese municipio le dispar\u00f3 y asesin\u00f3 a un joven de 19 a\u00f1os tras una revisi\u00f3n policiaca; respondi\u00f3 que se debe de cambiar a esa fuerza policiaca.<\/p>\n<p>Hay que recordar que la v\u00edctima fue Pablo Ortigoza Mart\u00ednez, quien era un joven boxeador amateur y estudiante universitario, el legislador local defini\u00f3 que cuando una polic\u00eda municipal no da los resultados que se esperaban, se tiene que sustituirla y sustituir a sus mandos.<\/p>\n<p>Reconoci\u00f3 que el problema de esa y muchas polic\u00edas es que se le da el &#8220;garrote&#8221; a cualquiera, incluso les dan armas sin saber utilizarlas, lo cual representa un problema serio.<\/p>\n<p>Adem\u00e1s, tampoco se les hace un perfil psicol\u00f3gico, no se sabe si es una persona mal de sus facultades mentales y que, por lo tanto no se sabe si su reacci\u00f3n pueda ser desproporcionada.<\/p>\n<p>Debido a que en reiteradas ocasiones las polic\u00edas municipales son se\u00f1aladas por las violaciones a los derechos humanos, Yunes Landa, record\u00f3 que cuando fue diputado federal, la mayor\u00eda legislativa de Morena aprob\u00f3 disminuir recursos para la capacitaci\u00f3n de los polic\u00edas locales.<\/p>\n<p>Dijo que cuando fue miembro de la Comisi\u00f3n de Seguridad en San L\u00e1zaro, se opuso a la reducci\u00f3n de los recursos para la capacitaci\u00f3n de los cuerpos policiacos.<\/p>\n<p>Finalmente coment\u00f3 que, &#8220;les piden a los alcaldes que tengan buenos polic\u00edas y les dan menos recursos que cuando ten\u00edan ya una polic\u00eda regularsona y la polic\u00eda cada vez va a decrecer su capacidad, su eficacia. No les dan para los cursos&#8221;.<\/p>\n","protected":false},"excerpt":{"rendered":"<p>Dar\u00edo Pale Xalapa, Ver.- Cuando un cuerpo policiaco como el de Fort\u00edn no da resultados, se tiene que sustituir y sustituir a sus mandos, y considero que debe existir una coordinaci\u00f3n de polic\u00edas federales, otra de polic\u00edas estatales y municipales para que haya mejores resultados en materia de seguridad, as\u00ed lo dio a conocer el [&hellip;]<\/p>\n","protected":false},"author":2476,"featured_media":64473,"comment_status":"open","ping_status":"open","sticky":false,"template":"","format":"standard","meta":{"_jetpack_memberships_contains_paid_content":false,"footnotes":""},"categories":[2],"tags":[],"class_list":["post-64472","post","type-post","status-publish","format-standard","has-post-thumbnail","hentry","category-estado"],"jetpack_featured_media_url":"https:\/\/encuentroinformativo.com.mx\/wp-content\/uploads\/2025\/03\/IMG-20250306-WA0157.jpg","jetpack_sharing_enabled":true,"jetpack_likes_enabled":true,"amp_enabled":true,"_links":{"self":[{"href":"https:\/\/encuentroinformativo.com.mx\/index.php?rest_route=\/wp\/v2\/posts\/64472","targetHints":{"allow":["GET"]}}],"collection":[{"href":"https:\/\/encuentroinformativo.com.mx\/index.php?rest_route=\/wp\/v2\/posts"}],"about":[{"href":"https:\/\/encuentroinformativo.com.mx\/index.php?rest_route=\/wp\/v2\/types\/post"}],"author":[{"embeddable":true,"href":"https:\/\/encuentroinformativo.com.mx\/index.php?rest_route=\/wp\/v2\/users\/2476"}],"replies":[{"embeddable":true,"href":"https:\/\/encuentroinformativo.com.mx\/index.php?rest_route=%2Fwp%2Fv2%2Fcomments&post=64472"}],"version-history":[{"count":1,"href":"https:\/\/encuentroinformativo.com.mx\/index.php?rest_route=\/wp\/v2\/posts\/64472\/revisions"}],"predecessor-version":[{"id":64474,"href":"https:\/\/encuentroinformativo.com.mx\/index.php?rest_route=\/wp\/v2\/posts\/64472\/revisions\/64474"}],"wp:featuredmedia":[{"embeddable":true,"href":"https:\/\/encuentroinformativo.com.mx\/index.php?rest_route=\/wp\/v2\/media\/64473"}],"wp:attachment":[{"href":"https:\/\/encuentroinformativo.com.mx\/index.php?rest_route=%2Fwp%2Fv2%2Fmedia&parent=64472"}],"wp:term":[{"taxonomy":"category","embeddable":true,"href":"https:\/\/encuentroinformativo.com.mx\/index.php?rest_route=%2Fwp%2Fv2%2Fcategories&post=64472"},{"taxonomy":"post_tag","embeddable":true,"href":"https:\/\/encuentroinformativo.com.mx\/index.php?rest_route=%2Fwp%2Fv2%2Ftags&post=64472"}],"curies":[{"name":"wp","href":"https:\/\/api.w.org\/{rel}","templated":true}]}}