{"id":64490,"date":"2025-03-07T09:34:34","date_gmt":"2025-03-07T15:34:34","guid":{"rendered":"https:\/\/encuentroinformativo.com.mx\/?p=64490"},"modified":"2025-03-07T09:34:34","modified_gmt":"2025-03-07T15:34:34","slug":"secretaria-de-salud-vigilaria-operacion-de-centros-de-tratamiento-de-adicciones","status":"publish","type":"post","link":"https:\/\/encuentroinformativo.com.mx\/?p=64490","title":{"rendered":"Secretar\u00eda de Salud vigilar\u00eda operaci\u00f3n de centros de tratamiento de adicciones"},"content":{"rendered":"<p style=\"font-weight: 400;\"><strong>* \u201cAnexos\u201d o \u201cgranjas\u201d que operan sin regulaci\u00f3n del Estado son propensas a vulnerar los derechos humanos de los pacientes, afirma diputado Roberto Francisco San Rom\u00e1n Solana.<\/strong><\/p>\n<p style=\"font-weight: 400;\"><span style=\"font-size: 1rem;\">Xalapa, Ver.- Durante los trabajos de la Tercera Sesi\u00f3n Ordinaria del Primer A\u00f1o de la Diputaci\u00f3n Permanente, el legislador Roberto Francisco San Rom\u00e1n Solana present\u00f3 una iniciativa de decreto que prev\u00e9 que la autorizaci\u00f3n y vigilancia del funcionamiento de los centros de tratamiento de adicciones privados, as\u00ed como la implementaci\u00f3n de mecanismos para su verificaci\u00f3n y supervisi\u00f3n, est\u00e9 a cargo de la Secretar\u00eda de Salud de Veracruz.<\/span><\/p>\n<p style=\"font-weight: 400;\"><span style=\"font-size: 1rem;\">Adem\u00e1s, la propuesta plantea que si de la verificaci\u00f3n a dichos centros de rehabilitaci\u00f3n se llegaran a observar incumplimiento a las normas establecidas, trato indigno y\/o violaci\u00f3n a los derechos humanos de las personas internas sujetas a tratamiento, ser\u00eda la mencionada dependencia la encargada de dictar las medidas de seguridad y sanciones correspondientes.<\/span><\/p>\n<p style=\"font-weight: 400;\"><span style=\"font-size: 1rem;\">De acuerdo a datos del <\/span><strong style=\"font-size: 1rem;\">Informe sobre la situaci\u00f3n de la salud mental y el consumo de sustancias en M\u00e9xico, en el a\u00f1o\u00a0<\/strong><span style=\"font-size: 1rem;\">2023 un total de 179 mil 342 personas solicitaron tratamiento por consumo de sustancias psicoactivas en la Red Nacional de Atenci\u00f3n a las Adicciones, de estos, 19.2 por ciento fueron atendidos en los centros comunitarios de Salud Mental y Adicciones; 13.6 por ciento en los centros de Integraci\u00f3n Juvenil y 67.2 por ciento en centros de tratamiento no gubernamentales.<\/span><\/p>\n<p style=\"font-weight: 400;\"><span style=\"font-size: 1rem;\">Los Servicios de Salud de Veracruz (Sesver), actualmente cuentan con 17 centros comunitarios de Salud Mental y Adicciones (UNEME-CECOSAMA) que ofrecen atenci\u00f3n gratuita contra las adicciones; sin embargo, ante el incremento en el consumo de sustancias psicoactivas entre j\u00f3venes, este n\u00famero es insuficiente toda vez que se requiere un grupo multidisciplinario para atenderlo.<\/span><\/p>\n<p style=\"font-weight: 400;\"><span style=\"font-size: 1rem;\">\u201cHa proliferado el surgimiento de centros privados, conocidos coloquialmente como \u201canexos\u201d o \u201cgranjas\u201d, las cuales \u201cintentan\u201d curar a las personas que presentan problemas de abuso de alg\u00fan tipo de sustancias; sin embargo, en algunos de \u00e9stos, al no estar bajo la regulaci\u00f3n del Estado, se han denunciado graves violaciones a los derechos humanos de los pacientes\u201d, afirma el documento.<\/span><\/p>\n<p style=\"font-weight: 400;\"><span style=\"font-size: 1rem;\">En el mismo sentido, la falta de supervisi\u00f3n a los llamados \u201canexos\u201d puede derivar en la ilegalidad e incumplimiento de las reglas m\u00ednimas para su debido funcionamiento y operaci\u00f3n, mermando el impacto en la salud p\u00fablica y la adecuada rehabilitaci\u00f3n de los pacientes, agravando con ello las circunstancias y violaciones a los derechos humanos.<\/span><\/p>\n<p style=\"font-weight: 400;\"><span style=\"font-size: 1rem;\">La iniciativa que adiciona el Art\u00edculo 70 ter a la Ley de Salud del Estado de Veracruz de Ignacio de la Llave, fue turnada a la Comisi\u00f3n Permanente de Salud y Asistencia para su estudio y dictamen.<\/span><\/p>\n","protected":false},"excerpt":{"rendered":"<p>* \u201cAnexos\u201d o \u201cgranjas\u201d que operan sin regulaci\u00f3n del Estado son propensas a vulnerar los derechos humanos de los pacientes, afirma diputado Roberto Francisco San Rom\u00e1n Solana. Xalapa, Ver.- Durante los trabajos de la Tercera Sesi\u00f3n Ordinaria del Primer A\u00f1o de la Diputaci\u00f3n Permanente, el legislador Roberto Francisco San Rom\u00e1n Solana present\u00f3 una iniciativa de [&hellip;]<\/p>\n","protected":false},"author":2476,"featured_media":64491,"comment_status":"open","ping_status":"open","sticky":false,"template":"","format":"standard","meta":{"_jetpack_memberships_contains_paid_content":false,"footnotes":""},"categories":[9],"tags":[],"class_list":["post-64490","post","type-post","status-publish","format-standard","has-post-thumbnail","hentry","category-salud"],"jetpack_featured_media_url":"https:\/\/encuentroinformativo.com.mx\/wp-content\/uploads\/2025\/03\/NOV06MARZ2025SOLANA1.jpeg","jetpack_sharing_enabled":true,"jetpack_likes_enabled":true,"amp_enabled":true,"_links":{"self":[{"href":"https:\/\/encuentroinformativo.com.mx\/index.php?rest_route=\/wp\/v2\/posts\/64490","targetHints":{"allow":["GET"]}}],"collection":[{"href":"https:\/\/encuentroinformativo.com.mx\/index.php?rest_route=\/wp\/v2\/posts"}],"about":[{"href":"https:\/\/encuentroinformativo.com.mx\/index.php?rest_route=\/wp\/v2\/types\/post"}],"author":[{"embeddable":true,"href":"https:\/\/encuentroinformativo.com.mx\/index.php?rest_route=\/wp\/v2\/users\/2476"}],"replies":[{"embeddable":true,"href":"https:\/\/encuentroinformativo.com.mx\/index.php?rest_route=%2Fwp%2Fv2%2Fcomments&post=64490"}],"version-history":[{"count":1,"href":"https:\/\/encuentroinformativo.com.mx\/index.php?rest_route=\/wp\/v2\/posts\/64490\/revisions"}],"predecessor-version":[{"id":64492,"href":"https:\/\/encuentroinformativo.com.mx\/index.php?rest_route=\/wp\/v2\/posts\/64490\/revisions\/64492"}],"wp:featuredmedia":[{"embeddable":true,"href":"https:\/\/encuentroinformativo.com.mx\/index.php?rest_route=\/wp\/v2\/media\/64491"}],"wp:attachment":[{"href":"https:\/\/encuentroinformativo.com.mx\/index.php?rest_route=%2Fwp%2Fv2%2Fmedia&parent=64490"}],"wp:term":[{"taxonomy":"category","embeddable":true,"href":"https:\/\/encuentroinformativo.com.mx\/index.php?rest_route=%2Fwp%2Fv2%2Fcategories&post=64490"},{"taxonomy":"post_tag","embeddable":true,"href":"https:\/\/encuentroinformativo.com.mx\/index.php?rest_route=%2Fwp%2Fv2%2Ftags&post=64490"}],"curies":[{"name":"wp","href":"https:\/\/api.w.org\/{rel}","templated":true}]}}