{"id":64499,"date":"2025-03-07T09:47:21","date_gmt":"2025-03-07T15:47:21","guid":{"rendered":"https:\/\/encuentroinformativo.com.mx\/?p=64499"},"modified":"2025-03-07T09:47:21","modified_gmt":"2025-03-07T15:47:21","slug":"recuerda-diputada-legado-de-las-mujeres-en-mexico","status":"publish","type":"post","link":"https:\/\/encuentroinformativo.com.mx\/?p=64499","title":{"rendered":"Recuerda diputada legado de las mujeres en M\u00e9xico"},"content":{"rendered":"<p><strong>* Destaca Astrid S\u00e1nchez Moguel trabajo del Grupo Legislativo de Morena en la creaci\u00f3n de leyes y la labor de gesti\u00f3n que realizan.<\/strong><\/p>\n<p style=\"font-weight: 400;\"><span style=\"font-size: 1rem;\">Xalapa, Ver.- En v\u00edsperas del D\u00eda Internacional de la Mujer, la diputada Astrid S\u00e1nchez Moguel destac\u00f3 la trascendencia de esta conmemoraci\u00f3n, en la que \u201cno solo recordaremos y honraremos la lucha de quienes dieron su vida por lo que hoy somos, sino que, con hechos y con la fortaleza de nuestra existencia, ratificamos la encomienda de quienes ya no est\u00e1n\u201d.<\/span><\/p>\n<p style=\"font-weight: 400;\"><span style=\"font-size: 1rem;\">Reconoci\u00f3 el esfuerzo que la presidenta de M\u00e9xico, Claudia Sheinbaum Pardo, y la gobernadora de Veracruz, Roc\u00edo Nahle Garc\u00eda, realizan d\u00eda a d\u00eda para empoderar a las mujeres. Afirm\u00f3 con claridad que \u201cnuestro enemigo no es el hombre, sino el silencio impuesto por la jerarqu\u00eda laboral que a diario afecta a las mujeres trabajadoras.<\/span><\/p>\n<p style=\"font-weight: 400;\"><span style=\"font-size: 1rem;\">\u201cEs la discriminaci\u00f3n que enfrenta la mujer de los pueblos originarios, hablante de la lengua ind\u00edgena que no sabe leer y escribir. Es la desigualdad perpetuada por quienes tienen el poder de juzgar e ignorar la cosmovisi\u00f3n de la mujer justiciable. Es tambi\u00e9n la falta de empat\u00eda hacia la manifestaci\u00f3n del 8M.<\/span><\/p>\n<p style=\"font-weight: 400;\"><span style=\"font-size: 1rem;\">\u201cEs el repudio y la burla, hacia quien no se queda callada y denuncia la arbitrariedad. Es tambi\u00e9n la falta de equidad e igualdad que de manera estructural e institucional se instrumentaliza en nuestra contra. Es la falta de oportunidades. Es el arraigo de la misoginia y el prejuicio social\u201d, se\u00f1al\u00f3.<\/span><\/p>\n<p style=\"font-weight: 400;\"><span style=\"font-size: 1rem;\">Astrid S\u00e1nchez Moguel asegur\u00f3 que el Grupo Legislativo de Morena trabaja en la creaci\u00f3n de leyes en favor de los derechos de todas, a lo que sum\u00f3 la labor de gesti\u00f3n que realizan para garantizar su bienestar.<\/span><\/p>\n<p style=\"font-weight: 400;\">\n","protected":false},"excerpt":{"rendered":"<p>* Destaca Astrid S\u00e1nchez Moguel trabajo del Grupo Legislativo de Morena en la creaci\u00f3n de leyes y la labor de gesti\u00f3n que realizan. Xalapa, Ver.- En v\u00edsperas del D\u00eda Internacional de la Mujer, la diputada Astrid S\u00e1nchez Moguel destac\u00f3 la trascendencia de esta conmemoraci\u00f3n, en la que \u201cno solo recordaremos y honraremos la lucha de [&hellip;]<\/p>\n","protected":false},"author":2476,"featured_media":64500,"comment_status":"open","ping_status":"open","sticky":false,"template":"","format":"standard","meta":{"_jetpack_memberships_contains_paid_content":false,"footnotes":""},"categories":[2],"tags":[],"class_list":["post-64499","post","type-post","status-publish","format-standard","has-post-thumbnail","hentry","category-estado"],"jetpack_featured_media_url":"https:\/\/encuentroinformativo.com.mx\/wp-content\/uploads\/2025\/03\/NOV06MAR2025ASTRID3.jpeg","jetpack_sharing_enabled":true,"jetpack_likes_enabled":true,"amp_enabled":true,"_links":{"self":[{"href":"https:\/\/encuentroinformativo.com.mx\/index.php?rest_route=\/wp\/v2\/posts\/64499","targetHints":{"allow":["GET"]}}],"collection":[{"href":"https:\/\/encuentroinformativo.com.mx\/index.php?rest_route=\/wp\/v2\/posts"}],"about":[{"href":"https:\/\/encuentroinformativo.com.mx\/index.php?rest_route=\/wp\/v2\/types\/post"}],"author":[{"embeddable":true,"href":"https:\/\/encuentroinformativo.com.mx\/index.php?rest_route=\/wp\/v2\/users\/2476"}],"replies":[{"embeddable":true,"href":"https:\/\/encuentroinformativo.com.mx\/index.php?rest_route=%2Fwp%2Fv2%2Fcomments&post=64499"}],"version-history":[{"count":1,"href":"https:\/\/encuentroinformativo.com.mx\/index.php?rest_route=\/wp\/v2\/posts\/64499\/revisions"}],"predecessor-version":[{"id":64501,"href":"https:\/\/encuentroinformativo.com.mx\/index.php?rest_route=\/wp\/v2\/posts\/64499\/revisions\/64501"}],"wp:featuredmedia":[{"embeddable":true,"href":"https:\/\/encuentroinformativo.com.mx\/index.php?rest_route=\/wp\/v2\/media\/64500"}],"wp:attachment":[{"href":"https:\/\/encuentroinformativo.com.mx\/index.php?rest_route=%2Fwp%2Fv2%2Fmedia&parent=64499"}],"wp:term":[{"taxonomy":"category","embeddable":true,"href":"https:\/\/encuentroinformativo.com.mx\/index.php?rest_route=%2Fwp%2Fv2%2Fcategories&post=64499"},{"taxonomy":"post_tag","embeddable":true,"href":"https:\/\/encuentroinformativo.com.mx\/index.php?rest_route=%2Fwp%2Fv2%2Ftags&post=64499"}],"curies":[{"name":"wp","href":"https:\/\/api.w.org\/{rel}","templated":true}]}}