{"id":6451,"date":"2020-10-02T14:54:10","date_gmt":"2020-10-02T19:54:10","guid":{"rendered":"https:\/\/encuentroinformativo.com.mx\/?p=6451"},"modified":"2020-10-02T14:54:13","modified_gmt":"2020-10-02T19:54:13","slug":"multaria-sev-a-escuela-de-fortin-por-retornar-a-clases-presenciales","status":"publish","type":"post","link":"https:\/\/encuentroinformativo.com.mx\/?p=6451","title":{"rendered":"Multar\u00eda SEV a escuela de Fort\u00edn por retornar a clases presenciales"},"content":{"rendered":"\n<p><strong>Alejandro \u00c1vila<\/strong><\/p>\n\n\n\n<p>Veracruz, Ver.- Las im\u00e1genes que fueron viralizadas en redes sociales y donde se ve a ni\u00f1os acudiendo a clases al plantel educativo privado Ensor en el municipio de Fort\u00edn, ya est\u00e1n siendo analizadas y en caso de confirmarse su veracidad, esta instituci\u00f3n ser\u00e1 sancionada por la Secretar\u00eda de Educaci\u00f3n de Veracruz.<\/p>\n\n\n\n<p>El secretario de la dependencia estatal, Zenyazen Escobar Garc\u00eda, se\u00f1al\u00f3 que el caso est\u00e1 siendo revisado por la subsecretaria de Desarrollo Educativo, debido a que estar\u00edan violando lo establecido por las autoridades al respecto de la prevenci\u00f3n de contagios de COVID-19; en ese sentido, confirm\u00f3 que podr\u00edan ser multados los due\u00f1os de la escuela.<\/p>\n\n\n\n<p>&#8220;Vi la nota, es una escuela particular (\u2026) Tienen que ajustarse a lo que dice la SEV y SEP, (\u2026) va a haber sanciones al respecto, ya lo tiene la Secretar\u00eda. El no regresar corresponde a cuidar la salud de nuestras ni\u00f1as y ni\u00f1os (\u2026) ser\u00e1 sancionada la escuela, a veces son multas&#8221;, resalt\u00f3.<\/p>\n\n\n\n<p>Los due\u00f1os de este colegio particular que se ubica en la avenida 1 en el municipio de Fort\u00edn de las Flores, habr\u00edan se\u00f1alado al respecto de las cr\u00edticas, que no los avala la SEV o la SEP, puesto que sus m\u00e9todos de estudio son con base en el sistema que se practica en los Estados Unidos; adem\u00e1s de que por el momento encuentran dando solamente asesor\u00edas para los ni\u00f1os a los que sus padres no pueden acompa\u00f1ar en las clases virtuales para despejarles las dudas.<\/p>\n\n\n\n<p>Pese a su justificaci\u00f3n, personal del DIF Municipal y de Protecci\u00f3n Civil ya hab\u00edan acudido al plantel educativo y por parte del Ayuntamiento estar\u00edan multando al colegio por no respetar las medidas de sana distancia e incurrir en una violaci\u00f3n a un decreto gubernamental.<\/p>\n","protected":false},"excerpt":{"rendered":"<p>Alejandro \u00c1vila Veracruz, Ver.- Las im\u00e1genes que fueron viralizadas en redes sociales y donde se ve a ni\u00f1os acudiendo a clases al plantel educativo privado Ensor en el municipio de Fort\u00edn, ya est\u00e1n siendo analizadas y en caso de confirmarse su veracidad, esta instituci\u00f3n ser\u00e1 sancionada por la Secretar\u00eda de Educaci\u00f3n de Veracruz. El secretario [&hellip;]<\/p>\n","protected":false},"author":1,"featured_media":6452,"comment_status":"open","ping_status":"open","sticky":false,"template":"","format":"standard","meta":{"_jetpack_memberships_contains_paid_content":false,"footnotes":""},"categories":[2],"tags":[],"class_list":["post-6451","post","type-post","status-publish","format-standard","has-post-thumbnail","hentry","category-estado"],"jetpack_featured_media_url":"https:\/\/encuentroinformativo.com.mx\/wp-content\/uploads\/2020\/10\/5FA4C6AC-5369-485B-BAB2-DCC84DB7C2A9.jpeg","jetpack_sharing_enabled":true,"jetpack_likes_enabled":true,"amp_enabled":true,"_links":{"self":[{"href":"https:\/\/encuentroinformativo.com.mx\/index.php?rest_route=\/wp\/v2\/posts\/6451","targetHints":{"allow":["GET"]}}],"collection":[{"href":"https:\/\/encuentroinformativo.com.mx\/index.php?rest_route=\/wp\/v2\/posts"}],"about":[{"href":"https:\/\/encuentroinformativo.com.mx\/index.php?rest_route=\/wp\/v2\/types\/post"}],"author":[{"embeddable":true,"href":"https:\/\/encuentroinformativo.com.mx\/index.php?rest_route=\/wp\/v2\/users\/1"}],"replies":[{"embeddable":true,"href":"https:\/\/encuentroinformativo.com.mx\/index.php?rest_route=%2Fwp%2Fv2%2Fcomments&post=6451"}],"version-history":[{"count":1,"href":"https:\/\/encuentroinformativo.com.mx\/index.php?rest_route=\/wp\/v2\/posts\/6451\/revisions"}],"predecessor-version":[{"id":6453,"href":"https:\/\/encuentroinformativo.com.mx\/index.php?rest_route=\/wp\/v2\/posts\/6451\/revisions\/6453"}],"wp:featuredmedia":[{"embeddable":true,"href":"https:\/\/encuentroinformativo.com.mx\/index.php?rest_route=\/wp\/v2\/media\/6452"}],"wp:attachment":[{"href":"https:\/\/encuentroinformativo.com.mx\/index.php?rest_route=%2Fwp%2Fv2%2Fmedia&parent=6451"}],"wp:term":[{"taxonomy":"category","embeddable":true,"href":"https:\/\/encuentroinformativo.com.mx\/index.php?rest_route=%2Fwp%2Fv2%2Fcategories&post=6451"},{"taxonomy":"post_tag","embeddable":true,"href":"https:\/\/encuentroinformativo.com.mx\/index.php?rest_route=%2Fwp%2Fv2%2Ftags&post=6451"}],"curies":[{"name":"wp","href":"https:\/\/api.w.org\/{rel}","templated":true}]}}