{"id":64527,"date":"2025-03-07T12:57:50","date_gmt":"2025-03-07T18:57:50","guid":{"rendered":"https:\/\/encuentroinformativo.com.mx\/?p=64527"},"modified":"2025-03-07T12:57:50","modified_gmt":"2025-03-07T18:57:50","slug":"marchas-8m-derecho-a-expresarse-alcalde","status":"publish","type":"post","link":"https:\/\/encuentroinformativo.com.mx\/?p=64527","title":{"rendered":"Marchas 8M, derecho a expresarse: Alcalde"},"content":{"rendered":"<p><strong style=\"font-size: 1rem;\">Dar\u00edo Pale<\/strong><\/p>\n<p>Xalapa, Ver.- El presidente municipal de Xalapa Alberto Islas Reyes dio a conocer que las marchas del 8M se respetan como un derecho de expresi\u00f3n; se activar\u00e1 protocolo de auxilio para emergencias por cualquier percance.<\/p>\n<p>En entrevista sobre las distintas marchas de mujeres programadas para este 8 de marzo, son un derecho y en Xalapa se respetan como tal, dijo que las distintas \u00e1reas municipales estar\u00e1n atentas para apoyar estos ejercicios de libertad de expresi\u00f3n en caso de as\u00ed requerirse.<\/p>\n<p>\u201cApoyaremos en lo que la autoridad tenga a su alcance, por ejemplo, Protecci\u00f3n Civil, Seguridad Ciudadana, estar\u00e1n atentos y no van a interferir, no van a ponerse en medio ni nada; pero s\u00ed van a estar atentos por cualquier requerimiento que tengan en sus marchas\u201d, coment\u00f3.<\/p>\n<p>Entrevistado previo al inicio de la Sesi\u00f3n Solemne de Cabildo para la entrega de la Medalla Insurgente Mar\u00eda Teresa de Medina y Miranda 2025, inform\u00f3 que los contingentes que estar\u00e1n al tanto del desarrollo de las actividades ser\u00e1n mujeres.<\/p>\n<p>Sin embargo, aclar\u00f3, no se acercar\u00e1n a las marchas, permitiendo as\u00ed que quienes participen se expresen en plena libertad.<\/p>\n<p>Incluso, se tendr\u00e1 una ambulancia lista y estar\u00e1n activos los protocolos correspondientes para tal fin en coordinaci\u00f3n con autoridades del Hospital Civil Luis F. Nach\u00f3n, para la atenci\u00f3n inmediata en caso de accidentes.<\/p>\n<p>Finalmente en ese sentido, inst\u00f3 a la poblaci\u00f3n a sumarse al respeto y a la comprensi\u00f3n por el tr\u00e1fico vial que estas actividades pudieran ocasionar.<\/p>\n","protected":false},"excerpt":{"rendered":"<p>Dar\u00edo Pale Xalapa, Ver.- El presidente municipal de Xalapa Alberto Islas Reyes dio a conocer que las marchas del 8M se respetan como un derecho de expresi\u00f3n; se activar\u00e1 protocolo de auxilio para emergencias por cualquier percance. En entrevista sobre las distintas marchas de mujeres programadas para este 8 de marzo, son un derecho y [&hellip;]<\/p>\n","protected":false},"author":2476,"featured_media":64528,"comment_status":"open","ping_status":"open","sticky":false,"template":"","format":"standard","meta":{"_jetpack_memberships_contains_paid_content":false,"footnotes":""},"categories":[3],"tags":[],"class_list":["post-64527","post","type-post","status-publish","format-standard","has-post-thumbnail","hentry","category-xalapa"],"jetpack_featured_media_url":"https:\/\/encuentroinformativo.com.mx\/wp-content\/uploads\/2025\/03\/IMG-20250307-WA0126.jpg","jetpack_sharing_enabled":true,"jetpack_likes_enabled":true,"amp_enabled":true,"_links":{"self":[{"href":"https:\/\/encuentroinformativo.com.mx\/index.php?rest_route=\/wp\/v2\/posts\/64527","targetHints":{"allow":["GET"]}}],"collection":[{"href":"https:\/\/encuentroinformativo.com.mx\/index.php?rest_route=\/wp\/v2\/posts"}],"about":[{"href":"https:\/\/encuentroinformativo.com.mx\/index.php?rest_route=\/wp\/v2\/types\/post"}],"author":[{"embeddable":true,"href":"https:\/\/encuentroinformativo.com.mx\/index.php?rest_route=\/wp\/v2\/users\/2476"}],"replies":[{"embeddable":true,"href":"https:\/\/encuentroinformativo.com.mx\/index.php?rest_route=%2Fwp%2Fv2%2Fcomments&post=64527"}],"version-history":[{"count":1,"href":"https:\/\/encuentroinformativo.com.mx\/index.php?rest_route=\/wp\/v2\/posts\/64527\/revisions"}],"predecessor-version":[{"id":64529,"href":"https:\/\/encuentroinformativo.com.mx\/index.php?rest_route=\/wp\/v2\/posts\/64527\/revisions\/64529"}],"wp:featuredmedia":[{"embeddable":true,"href":"https:\/\/encuentroinformativo.com.mx\/index.php?rest_route=\/wp\/v2\/media\/64528"}],"wp:attachment":[{"href":"https:\/\/encuentroinformativo.com.mx\/index.php?rest_route=%2Fwp%2Fv2%2Fmedia&parent=64527"}],"wp:term":[{"taxonomy":"category","embeddable":true,"href":"https:\/\/encuentroinformativo.com.mx\/index.php?rest_route=%2Fwp%2Fv2%2Fcategories&post=64527"},{"taxonomy":"post_tag","embeddable":true,"href":"https:\/\/encuentroinformativo.com.mx\/index.php?rest_route=%2Fwp%2Fv2%2Ftags&post=64527"}],"curies":[{"name":"wp","href":"https:\/\/api.w.org\/{rel}","templated":true}]}}