{"id":64530,"date":"2025-03-07T13:53:43","date_gmt":"2025-03-07T19:53:43","guid":{"rendered":"https:\/\/encuentroinformativo.com.mx\/?p=64530"},"modified":"2025-03-07T13:53:43","modified_gmt":"2025-03-07T19:53:43","slug":"reconoce-cabildo-trabajo-en-favor-de-la-igualdad-y-los-derechos-de-la-mujer","status":"publish","type":"post","link":"https:\/\/encuentroinformativo.com.mx\/?p=64530","title":{"rendered":"Reconoce Cabildo trabajo en favor de la igualdad y los derechos de la mujer"},"content":{"rendered":"<p><strong><span style=\"font-size: 1rem;\">* Entrega medalla \u201cMar\u00eda Teresa de Medina y Miranda\u201d.<\/span><\/strong><\/p>\n<p>Xalapa, Ver.- En el marco del D\u00eda Internacional de la Mujer, el alcalde Alberto Islas Reyes presidi\u00f3 la entrega de la medalla insurgente \u201cMar\u00eda Teresa de Medina y Miranda\u201d 2025, que se realiz\u00f3 en Sesi\u00f3n Solemne de Cabildo.<\/p>\n<p>El Presidente Municipal expuso que este d\u00eda se reconoce la labor de todas las mujeres, en particular de quienes con su participaci\u00f3n social dejan huella por sus ideales, convicci\u00f3n y trabajo en favor de las mejores causas.<\/p>\n<p>Con su labor, dijo, hacen de la ciudad un espacio m\u00e1s digno para vivir, por lo que agradeci\u00f3 todas las contribuciones realizadas en favor de Xalapa.<\/p>\n<p>La regidora Martha Valentina Dom\u00ednguez V\u00e1squez destac\u00f3 que el feminismo es el movimiento social m\u00e1s amplio y representativo de la historia, ya que genera la transformaci\u00f3n de la poblaci\u00f3n, promueve el rechazo a la violencia en todas sus formas, reivindica el papel de las mujeres y promueve la igualdad.<\/p>\n<p>Por ello, agreg\u00f3, el Cabildo reconoce a las xalape\u00f1as que con su trabajo contribuyen a que se tenga una sociedad m\u00e1s justa, democr\u00e1tica y libre de violencia.<\/p>\n<p>Durante la ceremonia, se otorg\u00f3 la presea \u201cMar\u00eda Teresa de Medina y Miranda\u201d a Wendy L\u00f3pez Hern\u00e1ndez, fundadora de la asociaci\u00f3n \u201cXalape\u00f1as Ilustres\u201d, quien cuenta con 18 a\u00f1os de trayectoria en la lucha feminista.<\/p>\n<p>La directora del Instituto Municipal de las Mujeres de Xalapa (IMMX), Mary Miyoshi Pedroza Garc\u00eda, asegur\u00f3 que con esta medalla se rinde homenaje a personas excepcionales que con su labor fomentan la defensa de los derechos humanos y la igualdad de g\u00e9nero en el municipio.<\/p>\n<p>La presea, agreg\u00f3, es un s\u00edmbolo de la lucha, resistencia y de la transformaci\u00f3n social que se impulsa a trav\u00e9s de la visibilizaci\u00f3n de la labor que realizan las mujeres.<\/p>\n<p>En este sentido, refrend\u00f3 el compromiso del Ayuntamiento para seguir trabajando por un futuro m\u00e1s justo e igualitario, ya que la lucha por los derechos de las mujeres es de todas y de todos.<\/p>\n<p>En la Sesi\u00f3n, adem\u00e1s se otorgaron reconocimientos a las participantes en la convocatoria para recibir la medalla, quienes se han destacado por su trabajo para construir espacios m\u00e1s justos, libres de violencia y con igualdad.<\/p>\n<p><img loading=\"lazy\" decoding=\"async\" class=\"alignnone size-medium wp-image-64532\" src=\"https:\/\/encuentroinformativo.com.mx\/wp-content\/uploads\/2025\/03\/IMG-20250307-WA0132-300x209.jpg\" alt=\"\" width=\"300\" height=\"209\" srcset=\"https:\/\/encuentroinformativo.com.mx\/wp-content\/uploads\/2025\/03\/IMG-20250307-WA0132-300x209.jpg 300w, https:\/\/encuentroinformativo.com.mx\/wp-content\/uploads\/2025\/03\/IMG-20250307-WA0132-1024x714.jpg 1024w, https:\/\/encuentroinformativo.com.mx\/wp-content\/uploads\/2025\/03\/IMG-20250307-WA0132-768x535.jpg 768w, https:\/\/encuentroinformativo.com.mx\/wp-content\/uploads\/2025\/03\/IMG-20250307-WA0132-1536x1070.jpg 1536w, https:\/\/encuentroinformativo.com.mx\/wp-content\/uploads\/2025\/03\/IMG-20250307-WA0132-2048x1427.jpg 2048w\" sizes=\"auto, (max-width: 300px) 100vw, 300px\" \/><\/p>\n","protected":false},"excerpt":{"rendered":"<p>* Entrega medalla \u201cMar\u00eda Teresa de Medina y Miranda\u201d. Xalapa, Ver.- En el marco del D\u00eda Internacional de la Mujer, el alcalde Alberto Islas Reyes presidi\u00f3 la entrega de la medalla insurgente \u201cMar\u00eda Teresa de Medina y Miranda\u201d 2025, que se realiz\u00f3 en Sesi\u00f3n Solemne de Cabildo. El Presidente Municipal expuso que este d\u00eda se [&hellip;]<\/p>\n","protected":false},"author":2476,"featured_media":64531,"comment_status":"open","ping_status":"open","sticky":false,"template":"","format":"standard","meta":{"_jetpack_memberships_contains_paid_content":false,"footnotes":""},"categories":[3],"tags":[],"class_list":["post-64530","post","type-post","status-publish","format-standard","has-post-thumbnail","hentry","category-xalapa"],"jetpack_featured_media_url":"https:\/\/encuentroinformativo.com.mx\/wp-content\/uploads\/2025\/03\/IMG-20250307-WA0130.jpg","jetpack_sharing_enabled":true,"jetpack_likes_enabled":true,"amp_enabled":true,"_links":{"self":[{"href":"https:\/\/encuentroinformativo.com.mx\/index.php?rest_route=\/wp\/v2\/posts\/64530","targetHints":{"allow":["GET"]}}],"collection":[{"href":"https:\/\/encuentroinformativo.com.mx\/index.php?rest_route=\/wp\/v2\/posts"}],"about":[{"href":"https:\/\/encuentroinformativo.com.mx\/index.php?rest_route=\/wp\/v2\/types\/post"}],"author":[{"embeddable":true,"href":"https:\/\/encuentroinformativo.com.mx\/index.php?rest_route=\/wp\/v2\/users\/2476"}],"replies":[{"embeddable":true,"href":"https:\/\/encuentroinformativo.com.mx\/index.php?rest_route=%2Fwp%2Fv2%2Fcomments&post=64530"}],"version-history":[{"count":1,"href":"https:\/\/encuentroinformativo.com.mx\/index.php?rest_route=\/wp\/v2\/posts\/64530\/revisions"}],"predecessor-version":[{"id":64533,"href":"https:\/\/encuentroinformativo.com.mx\/index.php?rest_route=\/wp\/v2\/posts\/64530\/revisions\/64533"}],"wp:featuredmedia":[{"embeddable":true,"href":"https:\/\/encuentroinformativo.com.mx\/index.php?rest_route=\/wp\/v2\/media\/64531"}],"wp:attachment":[{"href":"https:\/\/encuentroinformativo.com.mx\/index.php?rest_route=%2Fwp%2Fv2%2Fmedia&parent=64530"}],"wp:term":[{"taxonomy":"category","embeddable":true,"href":"https:\/\/encuentroinformativo.com.mx\/index.php?rest_route=%2Fwp%2Fv2%2Fcategories&post=64530"},{"taxonomy":"post_tag","embeddable":true,"href":"https:\/\/encuentroinformativo.com.mx\/index.php?rest_route=%2Fwp%2Fv2%2Ftags&post=64530"}],"curies":[{"name":"wp","href":"https:\/\/api.w.org\/{rel}","templated":true}]}}