{"id":64534,"date":"2025-03-07T14:01:36","date_gmt":"2025-03-07T20:01:36","guid":{"rendered":"https:\/\/encuentroinformativo.com.mx\/?p=64534"},"modified":"2025-03-07T14:01:36","modified_gmt":"2025-03-07T20:01:36","slug":"acusa-fredepo-cobros-excesivos-de-cmas","status":"publish","type":"post","link":"https:\/\/encuentroinformativo.com.mx\/?p=64534","title":{"rendered":"Acusa FREDEPO cobros excesivos de CMAS"},"content":{"rendered":"<p><strong style=\"font-size: 1rem;\">Dar\u00edo Pale<\/strong><\/p>\n<p>Xalapa, Ver.- Integrantes del Frente de Defensa Popular (FREDEPO) se manifestaron frente a las oficinas de la CMAS y bloquearon la avenida Miguel Alem\u00e1n para manifestar su inconformidad por los cobros excesivos en los recibos del agua.<\/p>\n<p>Algunos de los inconformes se\u00f1alaron que se est\u00e1n manifestando debido a los excesos de los cobros de agua ya que parece que te \u201cte cobran hasta el aire\u201d, tambi\u00e9n porque est\u00e1n realizando obras en algunas zonas donde los que habitan en esa zona pertenecen a Antorcha Campesina y no pueden comprobar que son los propietarios del lugar que est\u00e1n habitando.<\/p>\n<p>Durante la manifestaci\u00f3n portaban lonas donde se le\u00eda la siguiente leyenda: \u201cNo al alza de tarifas en CMAS,a camionetas de lujo, a esquilmadores, a sueldazos a tanto jefe z\u00e1ngano\u201d, \u201cRendici\u00f3n de cuentas en CMAS de 2,400 millones de pesos ingresados en 4 a\u00f1os Frente de Defensa Popular\u201d, \u201cFREDEPO exige auditor\u00eda en CMAS m\u00e1s de 1,000 mdp anuales y sin Rendir cuentas\u201d.<\/p>\n<p>Despu\u00e9s de que personal de CMAS recibiera una comisi\u00f3n abrieron la circulaci\u00f3n en dicha avenida, son habitantes de las colonias Fredepo Moctezuma uno y dos, Fredepo Trancas, Fredepo Haciendita, Fredepo El Moral y Fredepo Cedros sumando un total de 150 personas.<\/p>\n","protected":false},"excerpt":{"rendered":"<p>Dar\u00edo Pale Xalapa, Ver.- Integrantes del Frente de Defensa Popular (FREDEPO) se manifestaron frente a las oficinas de la CMAS y bloquearon la avenida Miguel Alem\u00e1n para manifestar su inconformidad por los cobros excesivos en los recibos del agua. Algunos de los inconformes se\u00f1alaron que se est\u00e1n manifestando debido a los excesos de los cobros [&hellip;]<\/p>\n","protected":false},"author":2476,"featured_media":64535,"comment_status":"open","ping_status":"open","sticky":false,"template":"","format":"standard","meta":{"_jetpack_memberships_contains_paid_content":false,"footnotes":""},"categories":[3],"tags":[],"class_list":["post-64534","post","type-post","status-publish","format-standard","has-post-thumbnail","hentry","category-xalapa"],"jetpack_featured_media_url":"https:\/\/encuentroinformativo.com.mx\/wp-content\/uploads\/2025\/03\/IMG-20250307-WA0152.jpg","jetpack_sharing_enabled":true,"jetpack_likes_enabled":true,"amp_enabled":true,"_links":{"self":[{"href":"https:\/\/encuentroinformativo.com.mx\/index.php?rest_route=\/wp\/v2\/posts\/64534","targetHints":{"allow":["GET"]}}],"collection":[{"href":"https:\/\/encuentroinformativo.com.mx\/index.php?rest_route=\/wp\/v2\/posts"}],"about":[{"href":"https:\/\/encuentroinformativo.com.mx\/index.php?rest_route=\/wp\/v2\/types\/post"}],"author":[{"embeddable":true,"href":"https:\/\/encuentroinformativo.com.mx\/index.php?rest_route=\/wp\/v2\/users\/2476"}],"replies":[{"embeddable":true,"href":"https:\/\/encuentroinformativo.com.mx\/index.php?rest_route=%2Fwp%2Fv2%2Fcomments&post=64534"}],"version-history":[{"count":1,"href":"https:\/\/encuentroinformativo.com.mx\/index.php?rest_route=\/wp\/v2\/posts\/64534\/revisions"}],"predecessor-version":[{"id":64536,"href":"https:\/\/encuentroinformativo.com.mx\/index.php?rest_route=\/wp\/v2\/posts\/64534\/revisions\/64536"}],"wp:featuredmedia":[{"embeddable":true,"href":"https:\/\/encuentroinformativo.com.mx\/index.php?rest_route=\/wp\/v2\/media\/64535"}],"wp:attachment":[{"href":"https:\/\/encuentroinformativo.com.mx\/index.php?rest_route=%2Fwp%2Fv2%2Fmedia&parent=64534"}],"wp:term":[{"taxonomy":"category","embeddable":true,"href":"https:\/\/encuentroinformativo.com.mx\/index.php?rest_route=%2Fwp%2Fv2%2Fcategories&post=64534"},{"taxonomy":"post_tag","embeddable":true,"href":"https:\/\/encuentroinformativo.com.mx\/index.php?rest_route=%2Fwp%2Fv2%2Ftags&post=64534"}],"curies":[{"name":"wp","href":"https:\/\/api.w.org\/{rel}","templated":true}]}}