{"id":64537,"date":"2025-03-07T14:25:08","date_gmt":"2025-03-07T20:25:08","guid":{"rendered":"https:\/\/encuentroinformativo.com.mx\/?p=64537"},"modified":"2025-03-07T14:25:08","modified_gmt":"2025-03-07T20:25:08","slug":"celebra-diputado-aprobacion-de-ley-contra-violencia-vicaria","status":"publish","type":"post","link":"https:\/\/encuentroinformativo.com.mx\/?p=64537","title":{"rendered":"Celebra diputado aprobaci\u00f3n de Ley contra Violencia Vicaria"},"content":{"rendered":"<p><strong><span style=\"font-size: 1rem;\">Dar\u00edo Pale<\/span><\/strong><\/p>\n<p>Xalapa, Ver.- El diputado local, Rafael Fararoni Maga\u00f1a expreso que, &#8220;en Veracruz, estamos unidos contra la Violencia Vicaria, no m\u00e1s casos como el de Mafer Turrent&#8221;.<\/p>\n<p>Este jueves, en sesi\u00f3n extraordinaria del Congreso de Veracruz, las y los diputados aprobaron por unanimidad la iniciativa de ley que tipifica a la violencia vicaria como delito, qui\u00e9nes la ejerzan podr\u00e1n recibir penas de dos y hasta seis a\u00f1os de c\u00e1rcel.<\/p>\n<p>&#8220;Por primera vez en la entidad habr\u00e1 penas de hasta seis a\u00f1os contra quienes ejerzan esta violencia, contra quienes de manera cruel utilicen a sus hijas e hijos, alg\u00fan otro familiar o una mascota como un instrumento para causar da\u00f1o o someter a su c\u00f3nyuge, expareja o familia&#8221;, manifest\u00f3.<\/p>\n<p>El legislador del Distrito XXV, record\u00f3 que, a principios de este a\u00f1o, a nivel nacional se hizo viral el caso de su paisana Mafer Turrent a qui\u00e9n por actos de corrupci\u00f3n le fall\u00f3 la justicia encarcel\u00e1ndola injustamente por pelear la custodia de sus hijos.<\/p>\n<p>Afortunadamente, este caso que fue visibilizado en el pa\u00eds, tuvo un final feliz con la reuni\u00f3n de Mafer y sus peque\u00f1os, sin embargo, mencion\u00f3, hay m\u00e1s de los cuales no sabemos y con esta ley propuesta valientemente por sus compa\u00f1eras se podr\u00e1 frenar este tipo de violencia y hacer justicia a muchas familias.<\/p>\n<p>Finalmente, el legislador reconoci\u00f3 el trabajo de colectivos y cientos de mujeres de la sociedad civil que durante a\u00f1os lucharon por que este tipo de violencia se visibilizara y hoy se pudiera tipificar con c\u00e1rcel, &#8220;felicito a todas mis compa\u00f1eras por el trabajo realizado, es tiempo de mujeres&#8221;.<\/p>\n","protected":false},"excerpt":{"rendered":"<p>Dar\u00edo Pale Xalapa, Ver.- El diputado local, Rafael Fararoni Maga\u00f1a expreso que, &#8220;en Veracruz, estamos unidos contra la Violencia Vicaria, no m\u00e1s casos como el de Mafer Turrent&#8221;. Este jueves, en sesi\u00f3n extraordinaria del Congreso de Veracruz, las y los diputados aprobaron por unanimidad la iniciativa de ley que tipifica a la violencia vicaria como [&hellip;]<\/p>\n","protected":false},"author":2476,"featured_media":64538,"comment_status":"open","ping_status":"open","sticky":false,"template":"","format":"standard","meta":{"_jetpack_memberships_contains_paid_content":false,"footnotes":""},"categories":[2],"tags":[],"class_list":["post-64537","post","type-post","status-publish","format-standard","has-post-thumbnail","hentry","category-estado"],"jetpack_featured_media_url":"https:\/\/encuentroinformativo.com.mx\/wp-content\/uploads\/2025\/03\/IMG-20250307-WA01572.jpg","jetpack_sharing_enabled":true,"jetpack_likes_enabled":true,"amp_enabled":true,"_links":{"self":[{"href":"https:\/\/encuentroinformativo.com.mx\/index.php?rest_route=\/wp\/v2\/posts\/64537","targetHints":{"allow":["GET"]}}],"collection":[{"href":"https:\/\/encuentroinformativo.com.mx\/index.php?rest_route=\/wp\/v2\/posts"}],"about":[{"href":"https:\/\/encuentroinformativo.com.mx\/index.php?rest_route=\/wp\/v2\/types\/post"}],"author":[{"embeddable":true,"href":"https:\/\/encuentroinformativo.com.mx\/index.php?rest_route=\/wp\/v2\/users\/2476"}],"replies":[{"embeddable":true,"href":"https:\/\/encuentroinformativo.com.mx\/index.php?rest_route=%2Fwp%2Fv2%2Fcomments&post=64537"}],"version-history":[{"count":1,"href":"https:\/\/encuentroinformativo.com.mx\/index.php?rest_route=\/wp\/v2\/posts\/64537\/revisions"}],"predecessor-version":[{"id":64539,"href":"https:\/\/encuentroinformativo.com.mx\/index.php?rest_route=\/wp\/v2\/posts\/64537\/revisions\/64539"}],"wp:featuredmedia":[{"embeddable":true,"href":"https:\/\/encuentroinformativo.com.mx\/index.php?rest_route=\/wp\/v2\/media\/64538"}],"wp:attachment":[{"href":"https:\/\/encuentroinformativo.com.mx\/index.php?rest_route=%2Fwp%2Fv2%2Fmedia&parent=64537"}],"wp:term":[{"taxonomy":"category","embeddable":true,"href":"https:\/\/encuentroinformativo.com.mx\/index.php?rest_route=%2Fwp%2Fv2%2Fcategories&post=64537"},{"taxonomy":"post_tag","embeddable":true,"href":"https:\/\/encuentroinformativo.com.mx\/index.php?rest_route=%2Fwp%2Fv2%2Ftags&post=64537"}],"curies":[{"name":"wp","href":"https:\/\/api.w.org\/{rel}","templated":true}]}}