{"id":6454,"date":"2020-10-02T15:00:02","date_gmt":"2020-10-02T20:00:02","guid":{"rendered":"https:\/\/encuentroinformativo.com.mx\/?p=6454"},"modified":"2020-10-02T15:00:06","modified_gmt":"2020-10-02T20:00:06","slug":"autoridades-intercambian-terrenos-por-votos-acusan-manifestantes","status":"publish","type":"post","link":"https:\/\/encuentroinformativo.com.mx\/?p=6454","title":{"rendered":"Autoridades intercambian terrenos por votos, acusan manifestantes"},"content":{"rendered":"\n<p><strong>Juan Arcos <\/strong><\/p>\n\n\n\n<p>Coatepec, Ver.- Decenas de pobladores de Coatepec protestaron afuera de los juzgados donde se llevar\u00eda a cabo la audiencia de restituci\u00f3n para que sean liberados los terrenos invadidos en la zona conocida como \u201cSierra Alta\u201d.<\/p>\n\n\n\n<p>La abogada de los propietarios, Itzel Jurado Ortiz, acus\u00f3 que las autoridades han optado por consentir a los invasores, a quienes contemplan como una base pol\u00edtica, rumbo al proceso electoral de 2021.<\/p>\n\n\n\n<p>\u201cAs\u00ed pues es evidente que en Veracruz, y hasta en tanto no se cumpla con ley, hasta en tanto no se desalojen las tierras invadidas y hasta en tanto no se restituyan a sus leg\u00edtimos propietarios, podemos pensar que aqu\u00ed se intercambian votos por tierras que tienen due\u00f1o\u201d.<\/p>\n\n\n\n<p>Indic\u00f3 que la audiencia estaba programada a las 11:00 horas de este viernes 2 de octubre.\u00a0<br>Los quejosos acudieron al Juzgado de Proceso y Procedimiento Penal Oral del Decimosegundo Distrito Judicial, ubicado en las inmediaciones del fraccionamiento San Jos\u00e9, en el municipio de Coatepec.<\/p>\n\n\n\n<p>La representante legal de los afectados se\u00f1al\u00f3 que se han presentado pruebas por el despojo de tierras por parte de integrantes de la Central Independiente de Obreros Agr\u00edcolas y Campesinos (CIOAC), y los da\u00f1os ambientales que ha ocasionado el asentamiento irregular.<br>Tambi\u00e9n coment\u00f3 que las denuncias fueron presentadas hace a\u00f1o y medio; sin embargo, hasta el momento, \u00e9stas no han sido judicializadas.<\/p>\n\n\n\n<p>\u201cLas denuncias se interpusieron un d\u00eda despu\u00e9s de que invadieron los terrenos, fue en la Fiscal\u00eda Genera del Estado (FGE)\u201d.\u00a0<br>Record\u00f3 que algunas denuncias fueron presentadas por amenazas de muerte contra los propietarios de los terrenos. Incluso, fueron decretadas medidas protecci\u00f3n para algunas de las v\u00edctimas de dicho delito.<\/p>\n\n\n\n<p>Jurado Ortiz refiri\u00f3 que el gobierno se comprometi\u00f3 a resolver el problema y, por ello, se tendr\u00eda que desahogar la audiencia de restituci\u00f3n para favorecer a los propietarios que cuentan con las escrituras de los terrenos.<\/p>\n","protected":false},"excerpt":{"rendered":"<p>Juan Arcos Coatepec, Ver.- Decenas de pobladores de Coatepec protestaron afuera de los juzgados donde se llevar\u00eda a cabo la audiencia de restituci\u00f3n para que sean liberados los terrenos invadidos en la zona conocida como \u201cSierra Alta\u201d. La abogada de los propietarios, Itzel Jurado Ortiz, acus\u00f3 que las autoridades han optado por consentir a los [&hellip;]<\/p>\n","protected":false},"author":1,"featured_media":6455,"comment_status":"open","ping_status":"open","sticky":false,"template":"","format":"standard","meta":{"_jetpack_memberships_contains_paid_content":false,"footnotes":""},"categories":[8],"tags":[],"class_list":["post-6454","post","type-post","status-publish","format-standard","has-post-thumbnail","hentry","category-region"],"jetpack_featured_media_url":"https:\/\/encuentroinformativo.com.mx\/wp-content\/uploads\/2020\/10\/DC92A954-2386-46E2-8D9B-6E2FCA0AC57C.jpeg","jetpack_sharing_enabled":true,"jetpack_likes_enabled":true,"amp_enabled":true,"_links":{"self":[{"href":"https:\/\/encuentroinformativo.com.mx\/index.php?rest_route=\/wp\/v2\/posts\/6454","targetHints":{"allow":["GET"]}}],"collection":[{"href":"https:\/\/encuentroinformativo.com.mx\/index.php?rest_route=\/wp\/v2\/posts"}],"about":[{"href":"https:\/\/encuentroinformativo.com.mx\/index.php?rest_route=\/wp\/v2\/types\/post"}],"author":[{"embeddable":true,"href":"https:\/\/encuentroinformativo.com.mx\/index.php?rest_route=\/wp\/v2\/users\/1"}],"replies":[{"embeddable":true,"href":"https:\/\/encuentroinformativo.com.mx\/index.php?rest_route=%2Fwp%2Fv2%2Fcomments&post=6454"}],"version-history":[{"count":1,"href":"https:\/\/encuentroinformativo.com.mx\/index.php?rest_route=\/wp\/v2\/posts\/6454\/revisions"}],"predecessor-version":[{"id":6456,"href":"https:\/\/encuentroinformativo.com.mx\/index.php?rest_route=\/wp\/v2\/posts\/6454\/revisions\/6456"}],"wp:featuredmedia":[{"embeddable":true,"href":"https:\/\/encuentroinformativo.com.mx\/index.php?rest_route=\/wp\/v2\/media\/6455"}],"wp:attachment":[{"href":"https:\/\/encuentroinformativo.com.mx\/index.php?rest_route=%2Fwp%2Fv2%2Fmedia&parent=6454"}],"wp:term":[{"taxonomy":"category","embeddable":true,"href":"https:\/\/encuentroinformativo.com.mx\/index.php?rest_route=%2Fwp%2Fv2%2Fcategories&post=6454"},{"taxonomy":"post_tag","embeddable":true,"href":"https:\/\/encuentroinformativo.com.mx\/index.php?rest_route=%2Fwp%2Fv2%2Ftags&post=6454"}],"curies":[{"name":"wp","href":"https:\/\/api.w.org\/{rel}","templated":true}]}}