{"id":64551,"date":"2025-03-07T22:02:33","date_gmt":"2025-03-08T04:02:33","guid":{"rendered":"https:\/\/encuentroinformativo.com.mx\/?p=64551"},"modified":"2025-03-07T22:02:33","modified_gmt":"2025-03-08T04:02:33","slug":"en-menos-de-24-horas-2-mujeres-taxistas-desaparecidas-ahora-en-amatlan","status":"publish","type":"post","link":"https:\/\/encuentroinformativo.com.mx\/?p=64551","title":{"rendered":"En menos de 24 horas 2 mujeres taxistas desaparecidas, ahora en Amatl\u00e1n"},"content":{"rendered":"<p><strong><span style=\"font-size: 1rem;\">Alejandro \u00c1vila<\/span><\/strong><\/p>\n<p>Amatl\u00e1n de los Reyes, Ver.- En menos de 24 horas se ha reportado la desaparici\u00f3n de dos mujeres taxistas en la entidad veracruzana.<\/p>\n<p>Alrededor de las 8 de la noche se report\u00f3 la desaparici\u00f3n de Armida Hern\u00e1ndez Mart\u00ednez conductora del taxi con n\u00famero econ\u00f3mico 1730 de la ciudad de C\u00f3rdoba.<\/p>\n<p>Sus compa\u00f1eros indican que la mujer se traslad\u00f3 al municipio de Amatl\u00e1n de Los Reyes para dejar un servicio; sin embargo, al no tener reportes de su regreso se dispusieron a buscar la unidad, misma que fue encontrada en el pante\u00f3n municipal de la mencionada ciudad.<\/p>\n<p>El \u00faltimo reporte que tuvieron de ella fue alrededor de las 6 de la tarde, por lo cual compa\u00f1eros de trabajo y familiares solicitan el apoyo de las instancias correspondientes para emprender su b\u00fasqueda.<\/p>\n<p>Esto se suma a la desaparici\u00f3n de otra mujer taxista en el municipio de Coscomatepec desde la madrugada de este viernes 7 de marzo; F\u00e1tima Espinoza Garc\u00eda sigue siendo buscada por sus familiares, puesto que el taxi fue abandonado en la carretera federal a la altura del barrio de San Nicol\u00e1s.<\/p>\n","protected":false},"excerpt":{"rendered":"<p>Alejandro \u00c1vila Amatl\u00e1n de los Reyes, Ver.- En menos de 24 horas se ha reportado la desaparici\u00f3n de dos mujeres taxistas en la entidad veracruzana. Alrededor de las 8 de la noche se report\u00f3 la desaparici\u00f3n de Armida Hern\u00e1ndez Mart\u00ednez conductora del taxi con n\u00famero econ\u00f3mico 1730 de la ciudad de C\u00f3rdoba. Sus compa\u00f1eros indican [&hellip;]<\/p>\n","protected":false},"author":2476,"featured_media":64552,"comment_status":"open","ping_status":"open","sticky":false,"template":"","format":"standard","meta":{"_jetpack_memberships_contains_paid_content":false,"footnotes":""},"categories":[2],"tags":[],"class_list":["post-64551","post","type-post","status-publish","format-standard","has-post-thumbnail","hentry","category-estado"],"jetpack_featured_media_url":"https:\/\/encuentroinformativo.com.mx\/wp-content\/uploads\/2025\/03\/IMG-20250307-WA0341.jpg","jetpack_sharing_enabled":true,"jetpack_likes_enabled":true,"amp_enabled":true,"_links":{"self":[{"href":"https:\/\/encuentroinformativo.com.mx\/index.php?rest_route=\/wp\/v2\/posts\/64551","targetHints":{"allow":["GET"]}}],"collection":[{"href":"https:\/\/encuentroinformativo.com.mx\/index.php?rest_route=\/wp\/v2\/posts"}],"about":[{"href":"https:\/\/encuentroinformativo.com.mx\/index.php?rest_route=\/wp\/v2\/types\/post"}],"author":[{"embeddable":true,"href":"https:\/\/encuentroinformativo.com.mx\/index.php?rest_route=\/wp\/v2\/users\/2476"}],"replies":[{"embeddable":true,"href":"https:\/\/encuentroinformativo.com.mx\/index.php?rest_route=%2Fwp%2Fv2%2Fcomments&post=64551"}],"version-history":[{"count":1,"href":"https:\/\/encuentroinformativo.com.mx\/index.php?rest_route=\/wp\/v2\/posts\/64551\/revisions"}],"predecessor-version":[{"id":64553,"href":"https:\/\/encuentroinformativo.com.mx\/index.php?rest_route=\/wp\/v2\/posts\/64551\/revisions\/64553"}],"wp:featuredmedia":[{"embeddable":true,"href":"https:\/\/encuentroinformativo.com.mx\/index.php?rest_route=\/wp\/v2\/media\/64552"}],"wp:attachment":[{"href":"https:\/\/encuentroinformativo.com.mx\/index.php?rest_route=%2Fwp%2Fv2%2Fmedia&parent=64551"}],"wp:term":[{"taxonomy":"category","embeddable":true,"href":"https:\/\/encuentroinformativo.com.mx\/index.php?rest_route=%2Fwp%2Fv2%2Fcategories&post=64551"},{"taxonomy":"post_tag","embeddable":true,"href":"https:\/\/encuentroinformativo.com.mx\/index.php?rest_route=%2Fwp%2Fv2%2Ftags&post=64551"}],"curies":[{"name":"wp","href":"https:\/\/api.w.org\/{rel}","templated":true}]}}