{"id":64554,"date":"2025-03-07T22:07:38","date_gmt":"2025-03-08T04:07:38","guid":{"rendered":"https:\/\/encuentroinformativo.com.mx\/?p=64554"},"modified":"2025-03-07T22:07:38","modified_gmt":"2025-03-08T04:07:38","slug":"cientos-de-personas-asisten-a-recorrido-de-purificacion-con-el-brujo-mayor-de-catemaco","status":"publish","type":"post","link":"https:\/\/encuentroinformativo.com.mx\/?p=64554","title":{"rendered":"Cientos de personas asisten a recorrido de purificaci\u00f3n con el Brujo Mayor de Catemaco"},"content":{"rendered":"<p><strong style=\"font-size: 1rem;\">Alejandro \u00c1vila<\/strong><\/p>\n<p>Catemaco, Ver.- Cientos de seguidores visitantes y fieles acudieron la tarde de este viernes, el D\u00eda de Brujo, primer viernes de marzo, a acompa\u00f1ar a &#8220;El Ahijado&#8221;, Enrique Marthen Berd\u00f3n &#8220;Brujo Mayor de Catemaco&#8221;, al recorrido que se hizo desde el Centro Ceremonial ubicado en la colonia El Para\u00edso 2 hasta el bulevar del mencionado municipio.<\/p>\n<p>Vestidos de blanco decenas de personas iniciaron el recorrido de purificaci\u00f3n en una fecha plagada de misticismo y energ\u00eda que recarga la fuerza de todos los presentes.<\/p>\n<p>Acompa\u00f1ado de la reci\u00e9n nombrada Bruja Mayor, Reina Isabel Mart\u00ednez M\u00e9ndez, y del presidente nacional de la Alianza de Comunidades Ind\u00edgenas, Roberto Valeriano Troncoso Queb, se realiz\u00f3 la Misa de Purificaci\u00f3n en la laguna de Catemaco.<\/p>\n<p>Junto a danzantes de pueblos originarios se realiz\u00f3 al ceremonia que a\u00f1o con a\u00f1os atrae a m\u00e1s fieles y turistas que desean conocer sobre el enigm\u00e1tico mundo de la santer\u00eda, magia y hechicer\u00eda, misma que ha dado Catemaco una caracter\u00edstica \u00fanica en la Rep\u00fablica Mexicana.<\/p>\n<p>&#8220;Gran padre Sol, en este d\u00eda, en esta noche, en este m\u00e1gico lugar de Catemaco estoy presente con mi fe, con mi devoci\u00f3n para pedirle a todos los dioses, a los dioses antiguos creadores del universo que me ayuden, que me protejan donde quiera que camine, que ilumine mi camino, que gu\u00ede mis pasos donde quiera que camine, que hagan de m\u00ed una mejor persona para ser mejor conmigo mismo con mis semejantes. Enrique Marthen Berd\u00f3n, Brujo Mayor de Catemaco, le pedimos a todas las fuerzas del universo que lo iluminen y a m\u00ed, como curandero, como cham\u00e1n, como guardi\u00e1n de mi templo, de mi deidad, de mi santa muerte y a todos los elementos a los que yo les tengo fe que ilumine mi camino&#8221;, invocaron los asistentes.<\/p>\n<p><img loading=\"lazy\" decoding=\"async\" class=\"alignnone size-medium wp-image-64556\" src=\"https:\/\/encuentroinformativo.com.mx\/wp-content\/uploads\/2025\/03\/IMG-20250307-WA03602-258x300.jpg\" alt=\"\" width=\"258\" height=\"300\" srcset=\"https:\/\/encuentroinformativo.com.mx\/wp-content\/uploads\/2025\/03\/IMG-20250307-WA03602-258x300.jpg 258w, https:\/\/encuentroinformativo.com.mx\/wp-content\/uploads\/2025\/03\/IMG-20250307-WA03602.jpg 737w\" sizes=\"auto, (max-width: 258px) 100vw, 258px\" \/><\/p>\n","protected":false},"excerpt":{"rendered":"<p>Alejandro \u00c1vila Catemaco, Ver.- Cientos de seguidores visitantes y fieles acudieron la tarde de este viernes, el D\u00eda de Brujo, primer viernes de marzo, a acompa\u00f1ar a &#8220;El Ahijado&#8221;, Enrique Marthen Berd\u00f3n &#8220;Brujo Mayor de Catemaco&#8221;, al recorrido que se hizo desde el Centro Ceremonial ubicado en la colonia El Para\u00edso 2 hasta el bulevar [&hellip;]<\/p>\n","protected":false},"author":2476,"featured_media":64555,"comment_status":"open","ping_status":"open","sticky":false,"template":"","format":"standard","meta":{"_jetpack_memberships_contains_paid_content":false,"footnotes":""},"categories":[2],"tags":[],"class_list":["post-64554","post","type-post","status-publish","format-standard","has-post-thumbnail","hentry","category-estado"],"jetpack_featured_media_url":"https:\/\/encuentroinformativo.com.mx\/wp-content\/uploads\/2025\/03\/IMG-20250307-WA0362.jpg","jetpack_sharing_enabled":true,"jetpack_likes_enabled":true,"amp_enabled":true,"_links":{"self":[{"href":"https:\/\/encuentroinformativo.com.mx\/index.php?rest_route=\/wp\/v2\/posts\/64554","targetHints":{"allow":["GET"]}}],"collection":[{"href":"https:\/\/encuentroinformativo.com.mx\/index.php?rest_route=\/wp\/v2\/posts"}],"about":[{"href":"https:\/\/encuentroinformativo.com.mx\/index.php?rest_route=\/wp\/v2\/types\/post"}],"author":[{"embeddable":true,"href":"https:\/\/encuentroinformativo.com.mx\/index.php?rest_route=\/wp\/v2\/users\/2476"}],"replies":[{"embeddable":true,"href":"https:\/\/encuentroinformativo.com.mx\/index.php?rest_route=%2Fwp%2Fv2%2Fcomments&post=64554"}],"version-history":[{"count":1,"href":"https:\/\/encuentroinformativo.com.mx\/index.php?rest_route=\/wp\/v2\/posts\/64554\/revisions"}],"predecessor-version":[{"id":64557,"href":"https:\/\/encuentroinformativo.com.mx\/index.php?rest_route=\/wp\/v2\/posts\/64554\/revisions\/64557"}],"wp:featuredmedia":[{"embeddable":true,"href":"https:\/\/encuentroinformativo.com.mx\/index.php?rest_route=\/wp\/v2\/media\/64555"}],"wp:attachment":[{"href":"https:\/\/encuentroinformativo.com.mx\/index.php?rest_route=%2Fwp%2Fv2%2Fmedia&parent=64554"}],"wp:term":[{"taxonomy":"category","embeddable":true,"href":"https:\/\/encuentroinformativo.com.mx\/index.php?rest_route=%2Fwp%2Fv2%2Fcategories&post=64554"},{"taxonomy":"post_tag","embeddable":true,"href":"https:\/\/encuentroinformativo.com.mx\/index.php?rest_route=%2Fwp%2Fv2%2Ftags&post=64554"}],"curies":[{"name":"wp","href":"https:\/\/api.w.org\/{rel}","templated":true}]}}