{"id":64558,"date":"2025-03-08T14:01:59","date_gmt":"2025-03-08T20:01:59","guid":{"rendered":"https:\/\/encuentroinformativo.com.mx\/?p=64558"},"modified":"2025-03-08T14:01:59","modified_gmt":"2025-03-08T20:01:59","slug":"8m-cambiar-el-chip","status":"publish","type":"post","link":"https:\/\/encuentroinformativo.com.mx\/?p=64558","title":{"rendered":"#8M CAMBIAR EL CHIP"},"content":{"rendered":"<p dir=\"ltr\"><strong>N\u00fameros Rojos<\/strong><\/p>\n<p dir=\"ltr\"><strong>Brenda Caballero<\/strong><\/p>\n<p dir=\"ltr\"><span style=\"font-size: 1rem;\">Ahora que est\u00e1 muy de moda la Inteligencia Artificial (IA) y en la antesala del 8 de Marzo, D\u00eda Internacional de las Mujeres, all\u00ed me tiene preguntando a Meta AI, \u00bfCu\u00e1l es el origen del 8 de Marzo?<\/span><\/p>\n<p dir=\"ltr\">Textualmente empez\u00f3 diciendo \u201cEl 8 de marzo se celebra el D\u00eda Internacional de la Mujer, una fecha que conmemora la lucha por la igualdad de g\u00e9nero y los derechos de las mujeres, se remont\u00f3 a la marcha de las mujeres en Nueva York, a la reuni\u00f3n de Copenhague, a la marcha de San Petersburgo en Rusia y terminando con la declaraci\u00f3n oficial de la ONU\u201d\u2026<\/p>\n<p dir=\"ltr\">De inmediato, su palabra \u201ccelebra\u201d me prendi\u00f3 el foco, Y como uno alimenta la IA, le puse la manita hacia abajo y de inmediato le escrib\u00ed: El 8 no se celebra, se conmemora.<\/p>\n<p dir=\"ltr\">En segundos me respondi\u00f3: \u201c\u00a1Tienes absolutamente raz\u00f3n! El 8 de marzo no se \u2018celebra\u2019, sino que se \u2018conmemora\u2019. La conmemoraci\u00f3n es un acto de recordar y reflexionar sobre la lucha por la igualdad de g\u00e9nero y los derechos de las mujeres, mientras que la celebraci\u00f3n implica una connotaci\u00f3n m\u00e1s festiva y alegre. La conmemoraci\u00f3n del 8 de marzo es un llamado a la acci\u00f3n para continuar trabajando hacia la igualdad de g\u00e9nero y para recordar las luchas y logros de las mujeres a lo largo de la historia. Muchas gracias por la correcci\u00f3n!\u201d<\/p>\n<p dir=\"ltr\">Minutos m\u00e1s tarde, mi pregunta a Meta AI volvi\u00f3 a ser la misma. En segundos volvi\u00f3 a contestar, pero eso s\u00ed, ya no puso la palabra \u201cCelebrar\u201d.<\/p>\n<p dir=\"ltr\">\u00bfPor qu\u00e9 no podemos cambiar as\u00ed tambi\u00e9n el chip de nuestra sociedad? Este 8 de Marzo, levantemos la voz para denunciar, para luchar por nuestros derechos, no para celebrar bailando al ton y son de la m\u00fasica que nos pongan.<\/p>\n<p dir=\"ltr\">\u201cAMIGA YO TE AYUDO\u201d y \u201cVERACRUZANA PROTEGIDA\u201d<\/p>\n<p dir=\"ltr\">El empoderamiento de las mujeres titulares de los tres poderes en Veracruz (Ejecutivo, en manos de la gobernadora Roc\u00edo Nahle Garc\u00eda, Legislativo, con Tanya Carola Viveros Ch\u00e1zaro, y el Judicial, en manos de Lisbeth Aurelia Jim\u00e9nez Aguirre) se vio reflejado el d\u00eda de ayer en las instalaciones del Poder Judicial, donde firmaron un convenio para garantizar la protecci\u00f3n a las mujeres en Veracruz.<\/p>\n<p dir=\"ltr\">Posterior a ello presentaron la estrategia \u201cAmiga yo te ayudo\u201d que consiste en la difusi\u00f3n y canalizaci\u00f3n a las mujeres que requieren asesor\u00eda y representaci\u00f3n jur\u00eddica gratuita en caso de violencia econ\u00f3mica. Para ello, dieron la p\u00e1gina donde se encuentran las defensor\u00edas de oficio por regi\u00f3n, as\u00ed como el contacto 2288422800 ext 11204. Asimismo, fue presentada la plataforma \u201cVeracruzana Protegida\u201d, donde las mujeres que son v\u00edctimas de violencia dom\u00e9stica, acoso, maltrato o alguna situaci\u00f3n de peligro, pueden solicitar una orden de protecci\u00f3n judicial donde se les brindar\u00e1 atenci\u00f3n inmediata sin necesidad de presentar una denuncia. Eso s\u00ed, tendr\u00e1n que ingresar mediante su celular al link\u00a0<a href=\"https:\/\/veracruzanaprotegida.pjeveracruz.gob.mx\/solicitudes\/inicio\" target=\"_blank\" rel=\"noopener noreferrer\" data-saferedirecturl=\"https:\/\/www.google.com\/url?q=https:\/\/veracruzanaprotegida.pjeveracruz.gob.mx\/solicitudes\/inicio&amp;source=gmail&amp;ust=1741528851602000&amp;usg=AOvVaw1LsvSr6huVXOFMo6lvEuVL\">https:\/\/veracruzanaprotegida.<wbr \/>pjeveracruz.gob.mx\/<wbr \/>solicitudes\/inicio<\/a>\u00a0poner sus datos, exponer la situaci\u00f3n y esperar a que llegue apoyo de seguridad p\u00fablica.<\/p>\n<p dir=\"ltr\">Ojo, no lo dicen, pero para hacer uso de la plataforma, es necesario configurar la localizaci\u00f3n en android o apple.<\/p>\n<p dir=\"ltr\">Ah y tomar en cuenta que si hace usted mal uso de la plataforma, se le investigar\u00e1, procesar\u00e1 y castigar\u00e1 hasta con 8 a\u00f1os de prisi\u00f3n y multa de quinientos d\u00edas de salario m\u00ednimo, es decir $139,400 por el delito de falsedad ante la Autoridad de conformidad con el art\u00edculo 333 del C\u00f3digo Penal del Estado de Veracruz.<\/p>\n<p dir=\"ltr\">Sin duda suena bastante alentador, m\u00e1s cuando las tiendas OXXO se sumaron a la iniciativa y ser\u00e1n puntos seguros violeta para proteger a las mujeres, \u00fanicamente falta que en ese momento tan estresante de violencia, las mujeres tengan el temple para escribir todos los datos que les piden, tengan datos en su celular, adem\u00e1s de buena se\u00f1al de internet.<\/p>\n<p dir=\"ltr\"><strong style=\"font-size: 1rem;\">SEFIPLAN, \u00bfSIMULACI\u00d3N?<\/strong><\/p>\n<p dir=\"ltr\">En este mismo espacio, la que escribe celebraba que en la Secretar\u00eda de Finanzas y Planeaci\u00f3n del Estado de Veracruz se concursara la plaza de la titular de la Unidad de G\u00e9nero de esa dependencia, pues los titulares que all\u00ed llegaban siempre pon\u00edan a sus recomendadas, personas que muchas veces no ten\u00edan conocimientos sobre los protocolos de protecci\u00f3n a las mujeres que sufren violencia o acoso laboral; sin embargo, a mi correo lleg\u00f3 informaci\u00f3n de que todo parece haber sido una Simulaci\u00f3n y hasta quieren impugnar el proceso, ya que a pesar de que 22 hombres y mujeres se inscribieron, reunieron sus requisitos y presentaron examen, al final, el Comit\u00e9 de Selecci\u00f3n (que nos dicen no tiene nada de visi\u00f3n de la perspectiva de g\u00e9nero) eligi\u00f3 a la misma persona que estaba en esa oficina. \u00bfM\u00e1s de lo mismo?<\/p>\n<p dir=\"ltr\"><a href=\"mailto:correo%3Acaballero_brenda@hotmail.com\" target=\"_blank\" rel=\"noopener noreferrer\">correo:caballero_brenda@<wbr \/>hotmail.com<\/a><\/p>\n<p dir=\"ltr\">Twitter: @NumerosRojos_BC<\/p>\n","protected":false},"excerpt":{"rendered":"<p>N\u00fameros Rojos Brenda Caballero Ahora que est\u00e1 muy de moda la Inteligencia Artificial (IA) y en la antesala del 8 de Marzo, D\u00eda Internacional de las Mujeres, all\u00ed me tiene preguntando a Meta AI, \u00bfCu\u00e1l es el origen del 8 de Marzo? Textualmente empez\u00f3 diciendo \u201cEl 8 de marzo se celebra el D\u00eda Internacional de [&hellip;]<\/p>\n","protected":false},"author":2476,"featured_media":387,"comment_status":"open","ping_status":"open","sticky":false,"template":"","format":"standard","meta":{"_jetpack_memberships_contains_paid_content":false,"footnotes":""},"categories":[11],"tags":[],"class_list":["post-64558","post","type-post","status-publish","format-standard","has-post-thumbnail","hentry","category-opinion"],"jetpack_featured_media_url":"https:\/\/encuentroinformativo.com.mx\/wp-content\/uploads\/2020\/03\/7CF8A22B-2764-47BE-8F7F-38FE9E5D6A2F.jpeg","jetpack_sharing_enabled":true,"jetpack_likes_enabled":true,"amp_enabled":true,"_links":{"self":[{"href":"https:\/\/encuentroinformativo.com.mx\/index.php?rest_route=\/wp\/v2\/posts\/64558","targetHints":{"allow":["GET"]}}],"collection":[{"href":"https:\/\/encuentroinformativo.com.mx\/index.php?rest_route=\/wp\/v2\/posts"}],"about":[{"href":"https:\/\/encuentroinformativo.com.mx\/index.php?rest_route=\/wp\/v2\/types\/post"}],"author":[{"embeddable":true,"href":"https:\/\/encuentroinformativo.com.mx\/index.php?rest_route=\/wp\/v2\/users\/2476"}],"replies":[{"embeddable":true,"href":"https:\/\/encuentroinformativo.com.mx\/index.php?rest_route=%2Fwp%2Fv2%2Fcomments&post=64558"}],"version-history":[{"count":1,"href":"https:\/\/encuentroinformativo.com.mx\/index.php?rest_route=\/wp\/v2\/posts\/64558\/revisions"}],"predecessor-version":[{"id":64559,"href":"https:\/\/encuentroinformativo.com.mx\/index.php?rest_route=\/wp\/v2\/posts\/64558\/revisions\/64559"}],"wp:featuredmedia":[{"embeddable":true,"href":"https:\/\/encuentroinformativo.com.mx\/index.php?rest_route=\/wp\/v2\/media\/387"}],"wp:attachment":[{"href":"https:\/\/encuentroinformativo.com.mx\/index.php?rest_route=%2Fwp%2Fv2%2Fmedia&parent=64558"}],"wp:term":[{"taxonomy":"category","embeddable":true,"href":"https:\/\/encuentroinformativo.com.mx\/index.php?rest_route=%2Fwp%2Fv2%2Fcategories&post=64558"},{"taxonomy":"post_tag","embeddable":true,"href":"https:\/\/encuentroinformativo.com.mx\/index.php?rest_route=%2Fwp%2Fv2%2Ftags&post=64558"}],"curies":[{"name":"wp","href":"https:\/\/api.w.org\/{rel}","templated":true}]}}