{"id":64560,"date":"2025-03-08T14:29:04","date_gmt":"2025-03-08T20:29:04","guid":{"rendered":"https:\/\/encuentroinformativo.com.mx\/?p=64560"},"modified":"2025-03-08T14:29:04","modified_gmt":"2025-03-08T20:29:04","slug":"comercios-se-resguardan-por-marchas-8m","status":"publish","type":"post","link":"https:\/\/encuentroinformativo.com.mx\/?p=64560","title":{"rendered":"Comercios se resguardan por marchas 8M"},"content":{"rendered":"<p><strong style=\"font-size: 1rem;\">Dar\u00edo Pale<\/strong><\/p>\n<p>Xalapa, Ver.- Como cada a\u00f1o los establecimientos del centro de la capital del estado se resguardan para evitar cualquier tipo de agresi\u00f3n debido a las marchas que se realizar\u00e1n con motivo de la 8M ya que para este d\u00eda est\u00e1n programadas tres marchas.<\/p>\n<p>Diversos establecimientos del centro de Xalapa se preparan para las dos marchas que se llevar\u00e1n a cabo este 8 de marzo, la primera es convocada por los integrantes del Frente Nacional de Lucha por el Socialismo (FNLS), la cual sale del Monumento a la madre que se encuentra sobre la avenida \u00c1vila Camacho.<\/p>\n<p>La segunda marcha que se har\u00e1 en el centro partir\u00e1 a las 15:00 horas del Teatro del Estado, para incorporarse a la avenida \u00c1vila Camacho y seguir hasta el centro.<\/p>\n<p>Esta marcha estar\u00e1 conformada por familiares de v\u00edctimas, personas con infancias, personas con discapacidad y neurodivergencias.<\/p>\n<p>Asimismo, colectivos feministas, mujeres ind\u00edgenas y diversidad de mujeres, adem\u00e1s de un contingente mixto y comunidad trans.<\/p>\n<p>Esta marcha a diferencia de la que marchar\u00e1 que se realizar\u00e1 por la avenida L\u00e1zaro C\u00e1rdenas con destino al Congreso del Estado, permitir\u00e1 la participaci\u00f3n de organizaciones de la sociedad civil, gente en patines, patinetas, bicicletas. La marcha concluir\u00e1 en la plaza Lerdo.<\/p>\n<p>Por otra parte, la tercera ser\u00e1 por la avenida L\u00e1zaro C\u00e1rdenas hasta llegar al Congreso del Estado.<\/p>\n<p>El grupo de Morras Organizadas de Xalapa inform\u00f3 que la marcha ser\u00e1 separatista y partir\u00e1 desde el puente Heberto Castillo, a la altura de La Corona hasta llegar a la calle de Encanto.<\/p>\n<p>La salida est\u00e1 prevista para las 12:00 horas y la llegada a las 15:00 horas y como en todas las marchas la petici\u00f3n es que no se tomen fotos ni se grabe a las encapuchadas o a las morras haciendo iconoclasia.<\/p>\n<p>En el primer bloque ir\u00e1n las familiares v\u00edctimas de feminicidio y desaparici\u00f3n forzada, seguidas de las madres e infancias, contra la violencia vicaria y las que est\u00e1n contra los deudores alimenticios.<\/p>\n<p>El siguiente bloque estar\u00e1 conformado por la batucada, el contingente de mujeres DISCAS y las mujeres gordas.<\/p>\n<p>Tambi\u00e9n, en ese bloque ir\u00e1n mujeres de la comunidad de la diversidad sexual, mujeres mayores, pro Palestina, vegano, abortistas, entre otras.<\/p>\n<p>Se permitir\u00e1 la participaci\u00f3n de mujeres ciclistas y si son ni\u00f1as deber\u00e1n situarse del lado izquierdo en el primer bloque.<\/p>\n<p>No aceptar\u00e1n hombres CIS en ning\u00fan espacio de la marcha.<\/p>\n<p><img loading=\"lazy\" decoding=\"async\" class=\"alignnone size-medium wp-image-64562\" src=\"https:\/\/encuentroinformativo.com.mx\/wp-content\/uploads\/2025\/03\/IMG-20250308-WA0104-300x138.jpg\" alt=\"\" width=\"300\" height=\"138\" srcset=\"https:\/\/encuentroinformativo.com.mx\/wp-content\/uploads\/2025\/03\/IMG-20250308-WA0104-300x138.jpg 300w, https:\/\/encuentroinformativo.com.mx\/wp-content\/uploads\/2025\/03\/IMG-20250308-WA0104-1024x472.jpg 1024w, https:\/\/encuentroinformativo.com.mx\/wp-content\/uploads\/2025\/03\/IMG-20250308-WA0104-768x354.jpg 768w, https:\/\/encuentroinformativo.com.mx\/wp-content\/uploads\/2025\/03\/IMG-20250308-WA0104-1536x708.jpg 1536w, https:\/\/encuentroinformativo.com.mx\/wp-content\/uploads\/2025\/03\/IMG-20250308-WA0104.jpg 1600w\" sizes=\"auto, (max-width: 300px) 100vw, 300px\" \/><\/p>\n","protected":false},"excerpt":{"rendered":"<p>Dar\u00edo Pale Xalapa, Ver.- Como cada a\u00f1o los establecimientos del centro de la capital del estado se resguardan para evitar cualquier tipo de agresi\u00f3n debido a las marchas que se realizar\u00e1n con motivo de la 8M ya que para este d\u00eda est\u00e1n programadas tres marchas. Diversos establecimientos del centro de Xalapa se preparan para las [&hellip;]<\/p>\n","protected":false},"author":2476,"featured_media":64561,"comment_status":"open","ping_status":"open","sticky":false,"template":"","format":"standard","meta":{"_jetpack_memberships_contains_paid_content":false,"footnotes":""},"categories":[3],"tags":[],"class_list":["post-64560","post","type-post","status-publish","format-standard","has-post-thumbnail","hentry","category-xalapa"],"jetpack_featured_media_url":"https:\/\/encuentroinformativo.com.mx\/wp-content\/uploads\/2025\/03\/IMG-20250308-WA0106.jpg","jetpack_sharing_enabled":true,"jetpack_likes_enabled":true,"amp_enabled":true,"_links":{"self":[{"href":"https:\/\/encuentroinformativo.com.mx\/index.php?rest_route=\/wp\/v2\/posts\/64560","targetHints":{"allow":["GET"]}}],"collection":[{"href":"https:\/\/encuentroinformativo.com.mx\/index.php?rest_route=\/wp\/v2\/posts"}],"about":[{"href":"https:\/\/encuentroinformativo.com.mx\/index.php?rest_route=\/wp\/v2\/types\/post"}],"author":[{"embeddable":true,"href":"https:\/\/encuentroinformativo.com.mx\/index.php?rest_route=\/wp\/v2\/users\/2476"}],"replies":[{"embeddable":true,"href":"https:\/\/encuentroinformativo.com.mx\/index.php?rest_route=%2Fwp%2Fv2%2Fcomments&post=64560"}],"version-history":[{"count":1,"href":"https:\/\/encuentroinformativo.com.mx\/index.php?rest_route=\/wp\/v2\/posts\/64560\/revisions"}],"predecessor-version":[{"id":64563,"href":"https:\/\/encuentroinformativo.com.mx\/index.php?rest_route=\/wp\/v2\/posts\/64560\/revisions\/64563"}],"wp:featuredmedia":[{"embeddable":true,"href":"https:\/\/encuentroinformativo.com.mx\/index.php?rest_route=\/wp\/v2\/media\/64561"}],"wp:attachment":[{"href":"https:\/\/encuentroinformativo.com.mx\/index.php?rest_route=%2Fwp%2Fv2%2Fmedia&parent=64560"}],"wp:term":[{"taxonomy":"category","embeddable":true,"href":"https:\/\/encuentroinformativo.com.mx\/index.php?rest_route=%2Fwp%2Fv2%2Fcategories&post=64560"},{"taxonomy":"post_tag","embeddable":true,"href":"https:\/\/encuentroinformativo.com.mx\/index.php?rest_route=%2Fwp%2Fv2%2Ftags&post=64560"}],"curies":[{"name":"wp","href":"https:\/\/api.w.org\/{rel}","templated":true}]}}