{"id":64567,"date":"2025-03-08T14:41:12","date_gmt":"2025-03-08T20:41:12","guid":{"rendered":"https:\/\/encuentroinformativo.com.mx\/?p=64567"},"modified":"2025-03-08T14:41:12","modified_gmt":"2025-03-08T20:41:12","slug":"participan-integrantes-del-fnls-en-marchas-por-dia-de-la-mujer","status":"publish","type":"post","link":"https:\/\/encuentroinformativo.com.mx\/?p=64567","title":{"rendered":"Participan integrantes del FNLS en marchas por D\u00eda de la Mujer"},"content":{"rendered":"<p><strong><span style=\"font-size: 1rem;\">D<\/span><\/strong><strong style=\"font-size: 1rem;\">ar\u00edo Pale<\/strong><\/p>\n<p>Xalapa, Ver.- Integrantes del Frente Nacional de Lucha por el socialismo (FNLS), este dia realizaron una marcha para conmemorar el \u201cD\u00eda Internacional de la Mujer Proletaria\u201d, esto dentro del 8M donde se conmemora a la mujer como parte integrante de la lucha de clases en los pa\u00edses capitalistas.<\/p>\n<p>La marcha dio inicio en el monumento a la madre en la avenida \u00c1vila Camacho pasando por Zaragoza y terminar en la Plaza Lerdo donde dieron un posicionamiento el cual se\u00f1ala lo siguiente:<\/p>\n<p>A la opini\u00f3n p\u00fablica.<\/p>\n<p>El 8 de marzo es conmemorado en diferentes partes del mundo con el prop\u00f3sito de reivindicar la lucha de la mujer como parte integrante de la lucha de clases en los pa\u00edses capitalistas.<\/p>\n<p>En M\u00e9xico, como Frente Nacional de Lucha por el socialismo (FNLS) la conmemoramos como el Dia Internacional de la Mujer Proletaria.<\/p>\n<p>Es una fecha que se logra establecer a partir de la lucha de las mujeres comunistas quienes, en honor a las obreras que fueron calcinadas en Nueva York, Estados Unidos por exigir sus derechos, establecieron en la II internacional esta fecha para que se conmemorara en todo el mundo.<\/p>\n<p>Pero tambi\u00e9n, para decirle a los pueblos que, a lo largo de la historia, la mujer ha luchado junto al hombre en busca de mejores condiciones de vida.<\/p>\n<p>En este marco conmemorativo convocamos las mujeres de nuestro pa\u00eds y del mundo a luchar de manera conjunta con todos los sectores populares por nuestros derechos humanos y constitucionales.<\/p>\n<p>Porque solo con la unidad lograremos quitarnos el yugo de la explotaci\u00f3n econ\u00f3mica y opresi\u00f3n pol\u00edtica.<\/p>\n<p>La violencia tiene patente en el Estado, es decir, como aparato de represi\u00f3n de la burgues\u00eda implementa una serie de pr\u00e1cticas de terrorismo de Estado para imponer las necesidades de las grandes empresas.<\/p>\n<p>Por tal raz\u00f3n existe la desaparici\u00f3n forzada, la tortura, ejecuci\u00f3n extrajudicial, desplazamiento forzado&#8230; desigualdad, injusticia, pobreza y miseria.<\/p>\n<p>Concluye el comunicado.<\/p>\n<p>Finalmente cabe se\u00f1alar que durante la marcha participaron aproximadamente 50 personas las cuales portaban lonas con las siguientes leyendas \u201c8 de marzo d\u00eda internacional de la mujer proletaria\u201d, \u201cFNLS\u201d, \u201c8 de marzo no llegamos todas FNLS\u201d.<\/p>\n","protected":false},"excerpt":{"rendered":"<p>Dar\u00edo Pale Xalapa, Ver.- Integrantes del Frente Nacional de Lucha por el socialismo (FNLS), este dia realizaron una marcha para conmemorar el \u201cD\u00eda Internacional de la Mujer Proletaria\u201d, esto dentro del 8M donde se conmemora a la mujer como parte integrante de la lucha de clases en los pa\u00edses capitalistas. La marcha dio inicio en [&hellip;]<\/p>\n","protected":false},"author":2476,"featured_media":64568,"comment_status":"open","ping_status":"open","sticky":false,"template":"","format":"standard","meta":{"_jetpack_memberships_contains_paid_content":false,"footnotes":""},"categories":[3],"tags":[],"class_list":["post-64567","post","type-post","status-publish","format-standard","has-post-thumbnail","hentry","category-xalapa"],"jetpack_featured_media_url":"https:\/\/encuentroinformativo.com.mx\/wp-content\/uploads\/2025\/03\/IMG-20250308-WA0163.jpg","jetpack_sharing_enabled":true,"jetpack_likes_enabled":true,"amp_enabled":true,"_links":{"self":[{"href":"https:\/\/encuentroinformativo.com.mx\/index.php?rest_route=\/wp\/v2\/posts\/64567","targetHints":{"allow":["GET"]}}],"collection":[{"href":"https:\/\/encuentroinformativo.com.mx\/index.php?rest_route=\/wp\/v2\/posts"}],"about":[{"href":"https:\/\/encuentroinformativo.com.mx\/index.php?rest_route=\/wp\/v2\/types\/post"}],"author":[{"embeddable":true,"href":"https:\/\/encuentroinformativo.com.mx\/index.php?rest_route=\/wp\/v2\/users\/2476"}],"replies":[{"embeddable":true,"href":"https:\/\/encuentroinformativo.com.mx\/index.php?rest_route=%2Fwp%2Fv2%2Fcomments&post=64567"}],"version-history":[{"count":1,"href":"https:\/\/encuentroinformativo.com.mx\/index.php?rest_route=\/wp\/v2\/posts\/64567\/revisions"}],"predecessor-version":[{"id":64569,"href":"https:\/\/encuentroinformativo.com.mx\/index.php?rest_route=\/wp\/v2\/posts\/64567\/revisions\/64569"}],"wp:featuredmedia":[{"embeddable":true,"href":"https:\/\/encuentroinformativo.com.mx\/index.php?rest_route=\/wp\/v2\/media\/64568"}],"wp:attachment":[{"href":"https:\/\/encuentroinformativo.com.mx\/index.php?rest_route=%2Fwp%2Fv2%2Fmedia&parent=64567"}],"wp:term":[{"taxonomy":"category","embeddable":true,"href":"https:\/\/encuentroinformativo.com.mx\/index.php?rest_route=%2Fwp%2Fv2%2Fcategories&post=64567"},{"taxonomy":"post_tag","embeddable":true,"href":"https:\/\/encuentroinformativo.com.mx\/index.php?rest_route=%2Fwp%2Fv2%2Ftags&post=64567"}],"curies":[{"name":"wp","href":"https:\/\/api.w.org\/{rel}","templated":true}]}}