{"id":6457,"date":"2020-10-02T15:12:35","date_gmt":"2020-10-02T20:12:35","guid":{"rendered":"https:\/\/encuentroinformativo.com.mx\/?p=6457"},"modified":"2020-10-02T15:12:38","modified_gmt":"2020-10-02T20:12:38","slug":"vecinos-de-los-arenales-insisten-con-acciones-para-disminuir-accidentes","status":"publish","type":"post","link":"https:\/\/encuentroinformativo.com.mx\/?p=6457","title":{"rendered":"Vecinos de Los Arenales insisten con acciones para disminuir accidentes"},"content":{"rendered":"\n<p><strong>Juan Arcos <\/strong><\/p>\n\n\n\n<p>Xalapa, Ver.- Vecinos de Los Arenales protestaron para exigir a las autoridades estatales y municipales que cumplan con la aplicaci\u00f3n de medidas para evitar accidentes sobre la carretera Xalapa-Coatepec.<\/p>\n\n\n\n<p>De acuerdo con Fabiola Venegas Lara, una de los inconformes, al menos 20 casas de dicha zona han sufrido alguna afectaci\u00f3n derivada de dichos percances.<\/p>\n\n\n\n<p>\u201cDe est\u00e1 lado (con direcci\u00f3n a Xalapa) no hay una casa que no haya tenido alguna afectaci\u00f3n, algunas m\u00e1s. Todas han tenido por lo menos una afectaci\u00f3n, algunas hasta diez afectaciones, la casa que sale de la curva\u201d.<\/p>\n\n\n\n<p>La entrevistada mencion\u00f3 que s\u00f3lo en algunos casos los da\u00f1os han sido resarcidos, mediante alg\u00fan seguro.<\/p>\n\n\n\n<p>\u201cEn otros casos dejan hasta los autos abandonados y uno tiene que averiguar qui\u00e9n es el due\u00f1o para explicarle a la fiscal\u00eda y que empiecen a hacer su trabajo, para localizar qui\u00e9n es el responsable\u201d.<\/p>\n\n\n\n<p>A\u00f1adi\u00f3 que autoridades de la Secretar\u00eda de Infraestructura y Obras P\u00fablicas (SIOP) hab\u00edan prometido construir reductores de velocidad en ambos carriles del bulevar, a la altura de Los Arenales.<\/p>\n\n\n\n<p>Sin embargo, desde el fin de semana pasado solo iniciaron trabajos para la instalaci\u00f3n de una rampa con direcci\u00f3n al municipio de Coatepec.<\/p>\n\n\n\n<p>Los quejosos colocaron lonas sobre un puente peatonal, donde muestran fotograf\u00edas de accidentes viales y da\u00f1os a propiedades y espacios p\u00fablicos en la zona.<\/p>\n\n\n\n<p>Las personas exigen la colocaci\u00f3n de reductores de velocidad, fricci\u00f3n de carpeta asf\u00e1ltica y se\u00f1al\u00e9tica.<\/p>\n\n\n\n<p>La se\u00f1ora record\u00f3 que han ocurrido hasta diez accidentes en un d\u00eda, sobre todo cuando llueve.\u00a0<\/p>\n\n\n\n<p>Adem\u00e1s, indic\u00f3 que los conductores se niegan a respetar el l\u00edmite de velocidad, marcado a 60 kil\u00f3metros por hora y, en algunas zonas habitacionales, a 40 kil\u00f3metros por hora.<\/p>\n\n\n\n<p>Las personas fueron atendidas por personal de Pol\u00edtica Regional, Tr\u00e1nsito del Estado, ayuntamiento de Xalapa y SIOP, situaci\u00f3n que evit\u00f3 que bloquearan la carretera Xalapa-Coatepec, a la altura de Los Arenales.<\/p>\n","protected":false},"excerpt":{"rendered":"<p>Juan Arcos Xalapa, Ver.- Vecinos de Los Arenales protestaron para exigir a las autoridades estatales y municipales que cumplan con la aplicaci\u00f3n de medidas para evitar accidentes sobre la carretera Xalapa-Coatepec. De acuerdo con Fabiola Venegas Lara, una de los inconformes, al menos 20 casas de dicha zona han sufrido alguna afectaci\u00f3n derivada de dichos [&hellip;]<\/p>\n","protected":false},"author":1,"featured_media":6458,"comment_status":"open","ping_status":"open","sticky":false,"template":"","format":"standard","meta":{"_jetpack_memberships_contains_paid_content":false,"footnotes":""},"categories":[8],"tags":[],"class_list":["post-6457","post","type-post","status-publish","format-standard","has-post-thumbnail","hentry","category-region"],"jetpack_featured_media_url":"https:\/\/encuentroinformativo.com.mx\/wp-content\/uploads\/2020\/10\/410EC38E-A248-425B-ACA8-D0A543D07B44.jpeg","jetpack_sharing_enabled":true,"jetpack_likes_enabled":true,"amp_enabled":true,"_links":{"self":[{"href":"https:\/\/encuentroinformativo.com.mx\/index.php?rest_route=\/wp\/v2\/posts\/6457","targetHints":{"allow":["GET"]}}],"collection":[{"href":"https:\/\/encuentroinformativo.com.mx\/index.php?rest_route=\/wp\/v2\/posts"}],"about":[{"href":"https:\/\/encuentroinformativo.com.mx\/index.php?rest_route=\/wp\/v2\/types\/post"}],"author":[{"embeddable":true,"href":"https:\/\/encuentroinformativo.com.mx\/index.php?rest_route=\/wp\/v2\/users\/1"}],"replies":[{"embeddable":true,"href":"https:\/\/encuentroinformativo.com.mx\/index.php?rest_route=%2Fwp%2Fv2%2Fcomments&post=6457"}],"version-history":[{"count":1,"href":"https:\/\/encuentroinformativo.com.mx\/index.php?rest_route=\/wp\/v2\/posts\/6457\/revisions"}],"predecessor-version":[{"id":6459,"href":"https:\/\/encuentroinformativo.com.mx\/index.php?rest_route=\/wp\/v2\/posts\/6457\/revisions\/6459"}],"wp:featuredmedia":[{"embeddable":true,"href":"https:\/\/encuentroinformativo.com.mx\/index.php?rest_route=\/wp\/v2\/media\/6458"}],"wp:attachment":[{"href":"https:\/\/encuentroinformativo.com.mx\/index.php?rest_route=%2Fwp%2Fv2%2Fmedia&parent=6457"}],"wp:term":[{"taxonomy":"category","embeddable":true,"href":"https:\/\/encuentroinformativo.com.mx\/index.php?rest_route=%2Fwp%2Fv2%2Fcategories&post=6457"},{"taxonomy":"post_tag","embeddable":true,"href":"https:\/\/encuentroinformativo.com.mx\/index.php?rest_route=%2Fwp%2Fv2%2Ftags&post=6457"}],"curies":[{"name":"wp","href":"https:\/\/api.w.org\/{rel}","templated":true}]}}