{"id":64570,"date":"2025-03-08T18:02:10","date_gmt":"2025-03-09T00:02:10","guid":{"rendered":"https:\/\/encuentroinformativo.com.mx\/?p=64570"},"modified":"2025-03-08T18:02:10","modified_gmt":"2025-03-09T00:02:10","slug":"marchan-en-xalapa-por-el-8m","status":"publish","type":"post","link":"https:\/\/encuentroinformativo.com.mx\/?p=64570","title":{"rendered":"Marchan en Xalapa por el 8M"},"content":{"rendered":"<p><strong><span style=\"font-size: 1rem;\">Dar\u00edo Pale<\/span><\/strong><\/p>\n<p>Xalapa, Ver.- Denunciaron irregularidades en procesos legales y la desatenci\u00f3n de su propia familia, al proteger a violadores y violentadores de mujeres, esto al marchar sobre L\u00e1zaro C\u00e1rdenas y manifestarse frente al Poder Judicial con motivo del 8M.<\/p>\n<p>Las integrantes de diferentes colectivas de Xalapa marcharon sobre la avenida L\u00e1zaro C\u00e1rdenas hacia el Poder Judicial, frente a la sede de los encargados de impartir justicia.<\/p>\n<p>Por medio de un meg\u00e1fono denunciaron que: \u201cPara algunos es un d\u00eda de tr\u00e1fico, pero para nosotras es toda una vida de injusticia, en la casa, en las calles, en la escuela, en el trabajo, es toda una vida de violencia\u201d.<\/p>\n<p>El grupo de mujeres se reuni\u00f3 en la avenida L\u00e1zaro C\u00e1rdenas, en la zona conocida como Urban Center, y caminaron sobre L\u00e1zaro C\u00e1rdenas hasta llegar al Congreso del Estado y posteriormente al Poder Judicial donde denunciaron p\u00fablicamente que por a\u00f1os han sido tomadas a \u201cloca\u201d, a pesar de la violencia que padecen todos los d\u00edas.<\/p>\n<p>La queja de la mayor\u00eda de las mujeres fue el hecho de que su propia familia y la de sus agresores han sido omisos y c\u00f3mplices de la violaci\u00f3n f\u00edsica, a sus derechos, y a estar cerca de sus hijos.<\/p>\n<p>Otras m\u00e1s brindaron su apoyo a madres buscadores, que por a\u00f1os han sido ignoradas por el estado mexicano que es incapaz de localizar a sus hijos, esposos, hermanos. Tambi\u00e9n acusaron tr\u00e1fico de influencias.<\/p>\n<p>Las colectivas hab\u00edan anunciado que acudir\u00edan al Congreso de Veracruz, sin embargo, el inmueble -al igual que el Palacio de Gobierno- fueron sitiados por efectivos estatales, por lo que las mujeres terminaron su caminata una cuadra m\u00e1s abajo, en el Poder Judicial.<\/p>\n<p><img loading=\"lazy\" decoding=\"async\" class=\"alignnone size-medium wp-image-64572\" src=\"https:\/\/encuentroinformativo.com.mx\/wp-content\/uploads\/2025\/03\/IMG-20250308-WA0256-300x225.jpg\" alt=\"\" width=\"300\" height=\"225\" srcset=\"https:\/\/encuentroinformativo.com.mx\/wp-content\/uploads\/2025\/03\/IMG-20250308-WA0256-300x225.jpg 300w, https:\/\/encuentroinformativo.com.mx\/wp-content\/uploads\/2025\/03\/IMG-20250308-WA0256-1024x768.jpg 1024w, https:\/\/encuentroinformativo.com.mx\/wp-content\/uploads\/2025\/03\/IMG-20250308-WA0256-768x576.jpg 768w, https:\/\/encuentroinformativo.com.mx\/wp-content\/uploads\/2025\/03\/IMG-20250308-WA0256.jpg 1280w\" sizes=\"auto, (max-width: 300px) 100vw, 300px\" \/><\/p>\n","protected":false},"excerpt":{"rendered":"<p>Dar\u00edo Pale Xalapa, Ver.- Denunciaron irregularidades en procesos legales y la desatenci\u00f3n de su propia familia, al proteger a violadores y violentadores de mujeres, esto al marchar sobre L\u00e1zaro C\u00e1rdenas y manifestarse frente al Poder Judicial con motivo del 8M. Las integrantes de diferentes colectivas de Xalapa marcharon sobre la avenida L\u00e1zaro C\u00e1rdenas hacia el [&hellip;]<\/p>\n","protected":false},"author":2476,"featured_media":64571,"comment_status":"open","ping_status":"open","sticky":false,"template":"","format":"standard","meta":{"_jetpack_memberships_contains_paid_content":false,"footnotes":""},"categories":[3],"tags":[],"class_list":["post-64570","post","type-post","status-publish","format-standard","has-post-thumbnail","hentry","category-xalapa"],"jetpack_featured_media_url":"https:\/\/encuentroinformativo.com.mx\/wp-content\/uploads\/2025\/03\/IMG-20250308-WA0252.jpg","jetpack_sharing_enabled":true,"jetpack_likes_enabled":true,"amp_enabled":true,"_links":{"self":[{"href":"https:\/\/encuentroinformativo.com.mx\/index.php?rest_route=\/wp\/v2\/posts\/64570","targetHints":{"allow":["GET"]}}],"collection":[{"href":"https:\/\/encuentroinformativo.com.mx\/index.php?rest_route=\/wp\/v2\/posts"}],"about":[{"href":"https:\/\/encuentroinformativo.com.mx\/index.php?rest_route=\/wp\/v2\/types\/post"}],"author":[{"embeddable":true,"href":"https:\/\/encuentroinformativo.com.mx\/index.php?rest_route=\/wp\/v2\/users\/2476"}],"replies":[{"embeddable":true,"href":"https:\/\/encuentroinformativo.com.mx\/index.php?rest_route=%2Fwp%2Fv2%2Fcomments&post=64570"}],"version-history":[{"count":1,"href":"https:\/\/encuentroinformativo.com.mx\/index.php?rest_route=\/wp\/v2\/posts\/64570\/revisions"}],"predecessor-version":[{"id":64573,"href":"https:\/\/encuentroinformativo.com.mx\/index.php?rest_route=\/wp\/v2\/posts\/64570\/revisions\/64573"}],"wp:featuredmedia":[{"embeddable":true,"href":"https:\/\/encuentroinformativo.com.mx\/index.php?rest_route=\/wp\/v2\/media\/64571"}],"wp:attachment":[{"href":"https:\/\/encuentroinformativo.com.mx\/index.php?rest_route=%2Fwp%2Fv2%2Fmedia&parent=64570"}],"wp:term":[{"taxonomy":"category","embeddable":true,"href":"https:\/\/encuentroinformativo.com.mx\/index.php?rest_route=%2Fwp%2Fv2%2Fcategories&post=64570"},{"taxonomy":"post_tag","embeddable":true,"href":"https:\/\/encuentroinformativo.com.mx\/index.php?rest_route=%2Fwp%2Fv2%2Ftags&post=64570"}],"curies":[{"name":"wp","href":"https:\/\/api.w.org\/{rel}","templated":true}]}}