{"id":64574,"date":"2025-03-08T18:19:46","date_gmt":"2025-03-09T00:19:46","guid":{"rendered":"https:\/\/encuentroinformativo.com.mx\/?p=64574"},"modified":"2025-03-08T18:21:08","modified_gmt":"2025-03-09T00:21:08","slug":"diputados-locales-presentes-en-informe-por-100-dias-gobierno","status":"publish","type":"post","link":"https:\/\/encuentroinformativo.com.mx\/?p=64574","title":{"rendered":"Diputados locales presentes en informe por 100 d\u00edas Gobierno"},"content":{"rendered":"<p style=\"font-weight: 400;\">Coatzacoalcos, Ver.- Integrantes de la LXVII Legislatura de las diversas fuerzas pol\u00edticas del Congreso del Estado de Veracruz, acompa\u00f1aron a la gobernadora, Roc\u00edo Nahle Garc\u00eda, en su mensaje al pueblo veracruzano por sus primeros 100 d\u00edas de gobierno desde el municipio de Coatzacoalcos.<\/p>\n<p style=\"font-weight: 400;\"><span style=\"font-size: 1rem;\">Durante su discurso la mandataria estatal reconoci\u00f3 la labor del Congreso local por la reciente aprobaci\u00f3n de la Ley Vicaria.<\/span><\/p>\n<p><img loading=\"lazy\" decoding=\"async\" class=\"alignnone size-medium wp-image-64576\" src=\"https:\/\/encuentroinformativo.com.mx\/wp-content\/uploads\/2025\/03\/NOV08MAR2025100DIAS7-300x200.jpeg\" alt=\"\" width=\"300\" height=\"200\" srcset=\"https:\/\/encuentroinformativo.com.mx\/wp-content\/uploads\/2025\/03\/NOV08MAR2025100DIAS7-300x200.jpeg 300w, https:\/\/encuentroinformativo.com.mx\/wp-content\/uploads\/2025\/03\/NOV08MAR2025100DIAS7-1024x684.jpeg 1024w, https:\/\/encuentroinformativo.com.mx\/wp-content\/uploads\/2025\/03\/NOV08MAR2025100DIAS7-768x513.jpeg 768w, https:\/\/encuentroinformativo.com.mx\/wp-content\/uploads\/2025\/03\/NOV08MAR2025100DIAS7-1536x1025.jpeg 1536w, https:\/\/encuentroinformativo.com.mx\/wp-content\/uploads\/2025\/03\/NOV08MAR2025100DIAS7.jpeg 1600w\" sizes=\"auto, (max-width: 300px) 100vw, 300px\" \/><\/p>\n","protected":false},"excerpt":{"rendered":"<p>Coatzacoalcos, Ver.- Integrantes de la LXVII Legislatura de las diversas fuerzas pol\u00edticas del Congreso del Estado de Veracruz, acompa\u00f1aron a la gobernadora, Roc\u00edo Nahle Garc\u00eda, en su mensaje al pueblo veracruzano por sus primeros 100 d\u00edas de gobierno desde el municipio de Coatzacoalcos. Durante su discurso la mandataria estatal reconoci\u00f3 la labor del Congreso local [&hellip;]<\/p>\n","protected":false},"author":2476,"featured_media":64575,"comment_status":"open","ping_status":"open","sticky":false,"template":"","format":"standard","meta":{"_jetpack_memberships_contains_paid_content":false,"footnotes":""},"categories":[2],"tags":[],"class_list":["post-64574","post","type-post","status-publish","format-standard","has-post-thumbnail","hentry","category-estado"],"jetpack_featured_media_url":"https:\/\/encuentroinformativo.com.mx\/wp-content\/uploads\/2025\/03\/NOV08MAR2025100DIAS1.jpeg","jetpack_sharing_enabled":true,"jetpack_likes_enabled":true,"amp_enabled":true,"_links":{"self":[{"href":"https:\/\/encuentroinformativo.com.mx\/index.php?rest_route=\/wp\/v2\/posts\/64574","targetHints":{"allow":["GET"]}}],"collection":[{"href":"https:\/\/encuentroinformativo.com.mx\/index.php?rest_route=\/wp\/v2\/posts"}],"about":[{"href":"https:\/\/encuentroinformativo.com.mx\/index.php?rest_route=\/wp\/v2\/types\/post"}],"author":[{"embeddable":true,"href":"https:\/\/encuentroinformativo.com.mx\/index.php?rest_route=\/wp\/v2\/users\/2476"}],"replies":[{"embeddable":true,"href":"https:\/\/encuentroinformativo.com.mx\/index.php?rest_route=%2Fwp%2Fv2%2Fcomments&post=64574"}],"version-history":[{"count":1,"href":"https:\/\/encuentroinformativo.com.mx\/index.php?rest_route=\/wp\/v2\/posts\/64574\/revisions"}],"predecessor-version":[{"id":64577,"href":"https:\/\/encuentroinformativo.com.mx\/index.php?rest_route=\/wp\/v2\/posts\/64574\/revisions\/64577"}],"wp:featuredmedia":[{"embeddable":true,"href":"https:\/\/encuentroinformativo.com.mx\/index.php?rest_route=\/wp\/v2\/media\/64575"}],"wp:attachment":[{"href":"https:\/\/encuentroinformativo.com.mx\/index.php?rest_route=%2Fwp%2Fv2%2Fmedia&parent=64574"}],"wp:term":[{"taxonomy":"category","embeddable":true,"href":"https:\/\/encuentroinformativo.com.mx\/index.php?rest_route=%2Fwp%2Fv2%2Fcategories&post=64574"},{"taxonomy":"post_tag","embeddable":true,"href":"https:\/\/encuentroinformativo.com.mx\/index.php?rest_route=%2Fwp%2Fv2%2Ftags&post=64574"}],"curies":[{"name":"wp","href":"https:\/\/api.w.org\/{rel}","templated":true}]}}