{"id":64589,"date":"2025-03-09T15:51:58","date_gmt":"2025-03-09T21:51:58","guid":{"rendered":"https:\/\/encuentroinformativo.com.mx\/?p=64589"},"modified":"2025-03-09T15:51:58","modified_gmt":"2025-03-09T21:51:58","slug":"dictan-prision-preventiva-para-maestro-imputado-por-abuso-sexual-de-menores","status":"publish","type":"post","link":"https:\/\/encuentroinformativo.com.mx\/?p=64589","title":{"rendered":"Dictan Prisi\u00f3n Preventiva para Maestro Imputado por Abuso Sexual de Menores"},"content":{"rendered":"<p><strong style=\"font-size: 1rem;\">Jos\u00e9 Vargas<\/strong><\/p>\n<p>Minatitl\u00e1n, Ver.- La Fiscal\u00eda General del Estado ha iniciado acciones legales contra \u00c1ngel Ulises \u201cN\u201d, un maestro interino acusado de abuso sexual de tres menores de edad en una escuela primaria ubicada en la localidad de Capoacan, perteneciente a este municipio. Las v\u00edctimas, cuyas identidades se mantienen en resguardo, tienen 9, 11 y 12 a\u00f1os.<\/p>\n<p>Los hechos denunciados ocurrieron en enero de este a\u00f1o, cuando el imputado aprovech\u00f3 su posici\u00f3n como docente para presuntamente perpetrar abusos sexuales. Tras la denuncia, el juez a cargo del caso dict\u00f3 prisi\u00f3n preventiva oficiosa como medida cautelar, en el marco del proceso penal n\u00famero 42\/2025.<\/p>\n<p>Se ha reportado que \u00c1ngel Ulises \u201cN\u201d fue agredido por los padres de las alumnas afectadas, lo que lo llev\u00f3 a ser ingresado en el Hospital General de Minatitl\u00e1n. Tras recibir atenci\u00f3n m\u00e9dica y recuperarse, fue puesto a disposici\u00f3n de la Fiscal\u00eda General del Estado.<\/p>\n<p>Este caso ha levantado un fuerte rechazo social, dado que el profesor, seg\u00fan informes, ha transitado por diversas instituciones educativas acumulando m\u00faltiples se\u00f1alamientos de abuso y acoso sexual. Adem\u00e1s, cuenta con una carpeta de investigaci\u00f3n previa, identificada con el n\u00famero 617\/2022.<\/p>\n<p>Las autoridades han reiterado su compromiso de combatir la violencia de g\u00e9nero y proteger a los menores, mientras la comunidad educativa se encuentra en estado de alarma ante la situaci\u00f3n. Se espera que el proceso legal avance de manera expedita para garantizar justicia a las v\u00edctimas y su familia.<\/p>\n","protected":false},"excerpt":{"rendered":"<p>Jos\u00e9 Vargas Minatitl\u00e1n, Ver.- La Fiscal\u00eda General del Estado ha iniciado acciones legales contra \u00c1ngel Ulises \u201cN\u201d, un maestro interino acusado de abuso sexual de tres menores de edad en una escuela primaria ubicada en la localidad de Capoacan, perteneciente a este municipio. Las v\u00edctimas, cuyas identidades se mantienen en resguardo, tienen 9, 11 y [&hellip;]<\/p>\n","protected":false},"author":2476,"featured_media":64590,"comment_status":"open","ping_status":"open","sticky":false,"template":"","format":"standard","meta":{"_jetpack_memberships_contains_paid_content":false,"footnotes":""},"categories":[14],"tags":[],"class_list":["post-64589","post","type-post","status-publish","format-standard","has-post-thumbnail","hentry","category-policiaca"],"jetpack_featured_media_url":"https:\/\/encuentroinformativo.com.mx\/wp-content\/uploads\/2025\/03\/IMG-20250309-WA0010.jpg","jetpack_sharing_enabled":true,"jetpack_likes_enabled":true,"amp_enabled":true,"_links":{"self":[{"href":"https:\/\/encuentroinformativo.com.mx\/index.php?rest_route=\/wp\/v2\/posts\/64589","targetHints":{"allow":["GET"]}}],"collection":[{"href":"https:\/\/encuentroinformativo.com.mx\/index.php?rest_route=\/wp\/v2\/posts"}],"about":[{"href":"https:\/\/encuentroinformativo.com.mx\/index.php?rest_route=\/wp\/v2\/types\/post"}],"author":[{"embeddable":true,"href":"https:\/\/encuentroinformativo.com.mx\/index.php?rest_route=\/wp\/v2\/users\/2476"}],"replies":[{"embeddable":true,"href":"https:\/\/encuentroinformativo.com.mx\/index.php?rest_route=%2Fwp%2Fv2%2Fcomments&post=64589"}],"version-history":[{"count":1,"href":"https:\/\/encuentroinformativo.com.mx\/index.php?rest_route=\/wp\/v2\/posts\/64589\/revisions"}],"predecessor-version":[{"id":64591,"href":"https:\/\/encuentroinformativo.com.mx\/index.php?rest_route=\/wp\/v2\/posts\/64589\/revisions\/64591"}],"wp:featuredmedia":[{"embeddable":true,"href":"https:\/\/encuentroinformativo.com.mx\/index.php?rest_route=\/wp\/v2\/media\/64590"}],"wp:attachment":[{"href":"https:\/\/encuentroinformativo.com.mx\/index.php?rest_route=%2Fwp%2Fv2%2Fmedia&parent=64589"}],"wp:term":[{"taxonomy":"category","embeddable":true,"href":"https:\/\/encuentroinformativo.com.mx\/index.php?rest_route=%2Fwp%2Fv2%2Fcategories&post=64589"},{"taxonomy":"post_tag","embeddable":true,"href":"https:\/\/encuentroinformativo.com.mx\/index.php?rest_route=%2Fwp%2Fv2%2Ftags&post=64589"}],"curies":[{"name":"wp","href":"https:\/\/api.w.org\/{rel}","templated":true}]}}