{"id":64615,"date":"2025-03-10T14:30:41","date_gmt":"2025-03-10T20:30:41","guid":{"rendered":"https:\/\/encuentroinformativo.com.mx\/?p=64615"},"modified":"2025-03-10T14:30:41","modified_gmt":"2025-03-10T20:30:41","slug":"piden-castigo-para-carlos-n-acusado-de-abusar-de-una-menor","status":"publish","type":"post","link":"https:\/\/encuentroinformativo.com.mx\/?p=64615","title":{"rendered":"Piden castigo para Carlos N, acusado de abusar de una menor"},"content":{"rendered":"<p><strong>*Es pastor de una iglesia en Coatepec.\u00a0<\/strong><\/p>\n<p><strong>Dar\u00edo Pale<\/strong><\/p>\n<p>Xalapa, Ver.- A tres a\u00f1os de la denuncia, la v\u00edctima Mar\u00eda N, ahora con 19 a\u00f1os acompa\u00f1ada por su familia exigen justicia, y que Carlos \u201cN\u201d pague el delito con c\u00e1rcel para as\u00ed evitar que no haga m\u00e1s da\u00f1o a las ni\u00f1as de la iglesia ubicada en la calle Justo Sierra en Coatepec, Pueblo M\u00e1gico.<\/p>\n<p>Debido a que un juez del Poder Judicial del Estado de Veracruz (PJEV) vari\u00f3 el delito a culto el pastor de la iglesia \u201cCasa de Oraci\u00f3n\u201d en Coatepec, Carlos \u201cN\u201d denunciado por el delito de abuso sexual en contra de una menor de edad y mujeres adultas en el a\u00f1o 2022, y fue puesto en libertad en febrero del 2025.<\/p>\n<p>\u201cSali\u00f3 en libertad, fue detenido en prisi\u00f3n preventiva en arresto domiciliario en su casa, pero el 28 de febrero cuando se da la sentencia lo dejaron libre; tomaron el juicio como si fuera de Culto pero no por abuso sexual; la denuncia la pongo yo acompa\u00f1ada por mi padre porque era menor de edad\u201d, se\u00f1al\u00f3.<\/p>\n<p>La v\u00edctima fue una menor de 15 a\u00f1os de edad, y representada por su padre acudi\u00f3 a denunciar ante la Fiscal\u00eda Primera Especializada en la Investigaci\u00f3n de Delitos de Violencia contra la Familia, Mujeres, Ni\u00f1as y Ni\u00f1os y Trata de Personas y qued\u00f3 asentada en la carpeta de investigaci\u00f3n n\u00famero COA\/DXII\/FEMUJ\/FE1\/133\/2022.<\/p>\n<p>Mar\u00eda \u201cN\u201d expuso que Carlos N cometi\u00f3 abuso sexual contra ella a la edad de 15 a\u00f1os, y lo mismo sufrieron otras dos mujeres j\u00f3venes, y una con edad de 50 a\u00f1os; a quienes encerraba en la oficina, en su casa o en su carro y ah\u00ed comet\u00eda el abuso sexual y las amenazaba para que no dijeran nada.<\/p>\n<p>\u201cAhora est\u00e1 libre, hay riesgo de que haya m\u00e1s ni\u00f1as v\u00edctimas. Quiero justicia, quiero paz, quiero que las autoridades correspondientes vean que todo estuvo mal. La Fiscal\u00eda fue el \u00fanico \u00f3rgano que me apoy\u00f3, pero el Juez lo dej\u00f3 libre, el juez dijo que no hab\u00eda suficientes pruebas en su contra\u201d dijo Mar\u00eda.<\/p>\n<p>Sin sostener el llanto, Mar\u00eda lamenta que su mam\u00e1 Nohem\u00ed Contreras Arguello y su pareja Rom\u00e1n Moreno; su abuela Silvia Arguello Morales; su t\u00eda Hefziba Contreras Arguello y su abuelo paterno Carlos Salas Rivera apoyan al presunto abusador sexual.<\/p>\n<p>\u201cMi mam\u00e1, mi t\u00eda, mi abuela, ellas dicen que el d\u00eda del abuso estuve con ellas, c\u00f3mo si yo fuera omnipresente, todas atestiguan que estaba en ese momento con ellas, y mi abuela vio cuando el pastor se encerr\u00f3 conmigo en su oficina\u201d acus\u00f3.<\/p>\n<p>La v\u00edctima hizo un llamado a la gobernadora Roc\u00edo Nahle Garc\u00eda; a la presidenta del Poder Judicial del Estado de Veracruz (PJEV) Lisbeth Aurelia Jim\u00e9nez Aguirre y a la Fiscal General del Estado Ver\u00f3nica Hern\u00e1ndez Giad\u00e1ns para que investiguen y castiguen a Carlos N, pastor de una iglesia cristiana en Coatepec.<\/p>\n<p>Finalmente dio a conocer que el n\u00famero de Carpeta de Investigaci\u00f3n a cargo de la FGE es la 133\/2022; el oficio penal es 06\/2022; y Ren\u00e9 Ortiz Sartorius es el juez del PJEV que absolvi\u00f3 a Carlos N, del presunto delito de abuso sexual, y lo vari\u00f3 a Culto.<\/p>\n","protected":false},"excerpt":{"rendered":"<p>*Es pastor de una iglesia en Coatepec.\u00a0 Dar\u00edo Pale Xalapa, Ver.- A tres a\u00f1os de la denuncia, la v\u00edctima Mar\u00eda N, ahora con 19 a\u00f1os acompa\u00f1ada por su familia exigen justicia, y que Carlos \u201cN\u201d pague el delito con c\u00e1rcel para as\u00ed evitar que no haga m\u00e1s da\u00f1o a las ni\u00f1as de la iglesia ubicada [&hellip;]<\/p>\n","protected":false},"author":2476,"featured_media":64616,"comment_status":"open","ping_status":"open","sticky":false,"template":"","format":"standard","meta":{"_jetpack_memberships_contains_paid_content":false,"footnotes":""},"categories":[3],"tags":[],"class_list":["post-64615","post","type-post","status-publish","format-standard","has-post-thumbnail","hentry","category-xalapa"],"jetpack_featured_media_url":"https:\/\/encuentroinformativo.com.mx\/wp-content\/uploads\/2025\/03\/IMG-20250309-WA0134.jpg","jetpack_sharing_enabled":true,"jetpack_likes_enabled":true,"amp_enabled":true,"_links":{"self":[{"href":"https:\/\/encuentroinformativo.com.mx\/index.php?rest_route=\/wp\/v2\/posts\/64615","targetHints":{"allow":["GET"]}}],"collection":[{"href":"https:\/\/encuentroinformativo.com.mx\/index.php?rest_route=\/wp\/v2\/posts"}],"about":[{"href":"https:\/\/encuentroinformativo.com.mx\/index.php?rest_route=\/wp\/v2\/types\/post"}],"author":[{"embeddable":true,"href":"https:\/\/encuentroinformativo.com.mx\/index.php?rest_route=\/wp\/v2\/users\/2476"}],"replies":[{"embeddable":true,"href":"https:\/\/encuentroinformativo.com.mx\/index.php?rest_route=%2Fwp%2Fv2%2Fcomments&post=64615"}],"version-history":[{"count":1,"href":"https:\/\/encuentroinformativo.com.mx\/index.php?rest_route=\/wp\/v2\/posts\/64615\/revisions"}],"predecessor-version":[{"id":64617,"href":"https:\/\/encuentroinformativo.com.mx\/index.php?rest_route=\/wp\/v2\/posts\/64615\/revisions\/64617"}],"wp:featuredmedia":[{"embeddable":true,"href":"https:\/\/encuentroinformativo.com.mx\/index.php?rest_route=\/wp\/v2\/media\/64616"}],"wp:attachment":[{"href":"https:\/\/encuentroinformativo.com.mx\/index.php?rest_route=%2Fwp%2Fv2%2Fmedia&parent=64615"}],"wp:term":[{"taxonomy":"category","embeddable":true,"href":"https:\/\/encuentroinformativo.com.mx\/index.php?rest_route=%2Fwp%2Fv2%2Fcategories&post=64615"},{"taxonomy":"post_tag","embeddable":true,"href":"https:\/\/encuentroinformativo.com.mx\/index.php?rest_route=%2Fwp%2Fv2%2Ftags&post=64615"}],"curies":[{"name":"wp","href":"https:\/\/api.w.org\/{rel}","templated":true}]}}