{"id":64636,"date":"2025-03-11T10:20:04","date_gmt":"2025-03-11T16:20:04","guid":{"rendered":"https:\/\/encuentroinformativo.com.mx\/?p=64636"},"modified":"2025-03-11T10:20:04","modified_gmt":"2025-03-11T16:20:04","slug":"pablo-caballero-es-nuevo-delegado-especial-de-mc-en-boca","status":"publish","type":"post","link":"https:\/\/encuentroinformativo.com.mx\/?p=64636","title":{"rendered":"Pablo Caballero es nuevo Delegado Especial de MC en Boca\u00a0"},"content":{"rendered":"<p><strong>Alejandro \u00c1vila<\/strong><\/p>\n<p>Boca del R\u00edo, Ver.- A semanas de que inicien las campa\u00f1as para las presidencias municipales en Veracruz, el partido Movimiento Ciudadano design\u00f3 Pablo Caballero P\u00e9rez como Delegado Especial en el municipio de Boca del R\u00edo.<\/p>\n<p>El evento realizado la noche de este lunes cont\u00f3 con la presencia de destacados l\u00edderes del partido, entre ellos el dirigente estatal Luis Carbonel de la Hoz, miembros de la Comisi\u00f3n Operativa Estatal, Dante Alfonso Delgado y el diputado Sergio Gil, quienes respaldaron el nombramiento de Caballero.<\/p>\n<p>Pablo Caballero posee una amplia trayectoria de m\u00e1s de 10 a\u00f1os en trabajo social y pol\u00edtico en la zona conurbada de Veracruz-Boca del R\u00edo, Jamapa y Medell\u00edn. A lo largo de su carrera, ha demostrado un firme compromiso con el bienestar de la comunidad, destac\u00e1ndose por su labor en favor de diversos sectores de la sociedad.<\/p>\n<p>A trav\u00e9s de la Fundaci\u00f3n CBRO, Caballero ha implementado programas de apoyo dirigidos a estudiantes, brindando talleres y recursos educativos para fomentar su desarrollo acad\u00e9mico. Asimismo, ha organizado talleres de autoempleo para amas de casa, proporcion\u00e1ndoles herramientas y conocimientos que les permiten generar ingresos y mejorar su calidad de vida.<\/p>\n<p>Durante su discurso, Caballero P\u00e9rez expres\u00f3 su agradecimiento hacia los l\u00edderes del partido por la confianza depositada en \u00e9l para asumir esta responsabilidad. Reafirm\u00f3 su compromiso de trabajar incansablemente por el bienestar de los boque\u00f1os, destacando la importancia de la participaci\u00f3n ciudadana y la colaboraci\u00f3n conjunta para lograr un desarrollo integral en la regi\u00f3n.<\/p>\n<p>El nombramiento de Pablo Caballero como Delegado Especial en Boca del R\u00edo representa un paso significativo para Movimiento Ciudadano en su misi\u00f3n de fortalecer su presencia en la regi\u00f3n y continuar impulsando proyectos que beneficien a la sociedad.<\/p>\n<p>Con l\u00edderes comprometidos y una visi\u00f3n centrada en el bienestar com\u00fan, el partido busca consolidarse como una opci\u00f3n s\u00f3lida para los ciudadanos que anhelan un cambio positivo en su entorno.<\/p>\n","protected":false},"excerpt":{"rendered":"<p>Alejandro \u00c1vila Boca del R\u00edo, Ver.- A semanas de que inicien las campa\u00f1as para las presidencias municipales en Veracruz, el partido Movimiento Ciudadano design\u00f3 Pablo Caballero P\u00e9rez como Delegado Especial en el municipio de Boca del R\u00edo. El evento realizado la noche de este lunes cont\u00f3 con la presencia de destacados l\u00edderes del partido, entre [&hellip;]<\/p>\n","protected":false},"author":2476,"featured_media":64637,"comment_status":"open","ping_status":"open","sticky":false,"template":"","format":"standard","meta":{"_jetpack_memberships_contains_paid_content":false,"footnotes":""},"categories":[2],"tags":[],"class_list":["post-64636","post","type-post","status-publish","format-standard","has-post-thumbnail","hentry","category-estado"],"jetpack_featured_media_url":"https:\/\/encuentroinformativo.com.mx\/wp-content\/uploads\/2025\/03\/IMG-20250311-WA00702.jpg","jetpack_sharing_enabled":true,"jetpack_likes_enabled":true,"amp_enabled":true,"_links":{"self":[{"href":"https:\/\/encuentroinformativo.com.mx\/index.php?rest_route=\/wp\/v2\/posts\/64636","targetHints":{"allow":["GET"]}}],"collection":[{"href":"https:\/\/encuentroinformativo.com.mx\/index.php?rest_route=\/wp\/v2\/posts"}],"about":[{"href":"https:\/\/encuentroinformativo.com.mx\/index.php?rest_route=\/wp\/v2\/types\/post"}],"author":[{"embeddable":true,"href":"https:\/\/encuentroinformativo.com.mx\/index.php?rest_route=\/wp\/v2\/users\/2476"}],"replies":[{"embeddable":true,"href":"https:\/\/encuentroinformativo.com.mx\/index.php?rest_route=%2Fwp%2Fv2%2Fcomments&post=64636"}],"version-history":[{"count":1,"href":"https:\/\/encuentroinformativo.com.mx\/index.php?rest_route=\/wp\/v2\/posts\/64636\/revisions"}],"predecessor-version":[{"id":64638,"href":"https:\/\/encuentroinformativo.com.mx\/index.php?rest_route=\/wp\/v2\/posts\/64636\/revisions\/64638"}],"wp:featuredmedia":[{"embeddable":true,"href":"https:\/\/encuentroinformativo.com.mx\/index.php?rest_route=\/wp\/v2\/media\/64637"}],"wp:attachment":[{"href":"https:\/\/encuentroinformativo.com.mx\/index.php?rest_route=%2Fwp%2Fv2%2Fmedia&parent=64636"}],"wp:term":[{"taxonomy":"category","embeddable":true,"href":"https:\/\/encuentroinformativo.com.mx\/index.php?rest_route=%2Fwp%2Fv2%2Fcategories&post=64636"},{"taxonomy":"post_tag","embeddable":true,"href":"https:\/\/encuentroinformativo.com.mx\/index.php?rest_route=%2Fwp%2Fv2%2Ftags&post=64636"}],"curies":[{"name":"wp","href":"https:\/\/api.w.org\/{rel}","templated":true}]}}