{"id":64639,"date":"2025-03-11T10:28:43","date_gmt":"2025-03-11T16:28:43","guid":{"rendered":"https:\/\/encuentroinformativo.com.mx\/?p=64639"},"modified":"2025-03-11T10:28:43","modified_gmt":"2025-03-11T16:28:43","slug":"padres-acusan-condiciones-insalubres-en-alberca-de-primaria-diaz-miron","status":"publish","type":"post","link":"https:\/\/encuentroinformativo.com.mx\/?p=64639","title":{"rendered":"Padres acusan condiciones insalubres en alberca de primaria &#8220;D\u00edaz Mir\u00f3n&#8221;"},"content":{"rendered":"<p><strong>Dar\u00edo Pale<\/strong><\/p>\n<p>Xalapa, Ver.- Pap\u00e1s protestaron este martes para exigir cuidado del agua y que cambien a la directora, acusan mala administraci\u00f3n de la alberca en la primaria &#8220;D\u00edaz Mir\u00f3n&#8221; de Xalapa, el mal estado provoca enfermedades a ni\u00f1os.<\/p>\n<p>Padres de familia de la Escuela Primaria &#8220;Salvador D\u00edaz Mir\u00f3n&#8221; de Xalapa se manifestaron este martes en contra de la administraci\u00f3n a cargo de la directora Reyna Rojas Alegr\u00eda.<\/p>\n<p>La acusan de no destinar recursos para el mantenimiento de la alberca de dicho plantel ubicado frente al parque &#8220;Los Berros&#8221;.<\/p>\n<p>&#8220;No se cuenta con el recurso suficiente para costear los insumos de la alberca como son qu\u00edmicos y mantenimiento, derivado en condiciones insalubres para dar servicio a los alumnos de dicha instituci\u00f3n y personas externas, provocando con ello padecimiento dermatol\u00f3gicos en los menores principalmente&#8221; expusieron los padres inconformes.<\/p>\n<p>Se\u00f1alaron que ha tomado decisiones arbitrarias en la administraci\u00f3n de los recursos escolares sin responder a cuentas y &#8220;manejandose con prepotencia y nulo sentido de transparencia&#8221;.<\/p>\n<p>Adem\u00e1s, exigieron la asignaci\u00f3n de un director definitivo, ya que el director anterior se jubil\u00f3 el 30 de octubre y a ra\u00edz de ah\u00ed la escuela ha empezado a decaer por la mala administraci\u00f3n, se\u00f1al\u00f3 la se\u00f1ora Jessica Isabel Vel\u00e1zquez Hern\u00e1ndez.<\/p>\n<p>Las y los inconformes pidieron la destituci\u00f3n de la directora interina, Reyna Rojas Alegr\u00eda, ya que llega a rayar en actitudes autoritarias, toma decisiones arbitrarias y hasta el hostigamiento contra los docentes.<\/p>\n<p>Indicaron que se form\u00f3 un comit\u00e9 de maestros para la administraci\u00f3n de la alberca en la que nadan m\u00e1s de 600 ni\u00f1os, pero no tienen experiencia en el cuidado del agua.<\/p>\n<p>&#8220;Actualmente el agua est\u00e1 turbia, la han dejado caer, no se est\u00e1 dando el mantenimiento adecuado y lo peor del caso es que nada de esto se nos comunica a los padres, todo llega por los ni\u00f1os&#8221;, expres\u00f3 la madre molesta.<\/p>\n<p>Denunci\u00f3 que han estado presentando infecciones en la piel, gastrointestinales, en v\u00edas respiratorias, en los ojos y en los o\u00eddos.<\/p>\n<p>&#8220;Lo \u00fanico que estamos exigiendo son condiciones dignas para nuestros alumnos, si la escuela ya cuenta con la infraestructura necesaria, lo \u00fanico que tenemos que hacer es cuidarla, sostenerla&#8221;, dijo.<\/p>\n<p>Lament\u00f3 que la directora no se preste el di\u00e1logo para poder llegar a algunos acuerdos, a pesar de varias reuniones con ella.<\/p>\n<p>Otro de los temas son los talleres extracurriculares, en donde ahora quiere aplicar encuestas, pero no tienen claro si lo que quieren es desaparecerlos.<\/p>\n<p>&#8220;Muchas de las personas que vienen o eligen a la &#8220;Salvador D\u00edaz Mir\u00f3n&#8221; como opci\u00f3n para sus ni\u00f1os es precisamente porque ofrece una educaci\u00f3n integral, porque no nada m\u00e1s estamos hablando de buenos docentes, sino porque tienen la oportunidad de desarrollarse en \u00e1reas como el Tae kwon do, gimnasia. Tenemos competidores que han ido a nivel nacional\u201d se\u00f1al\u00f3.<\/p>\n<p>Finalmente inform\u00f3 que, \u201ctenemos un equipo de nataci\u00f3n que ha quedado en primeros lugares en las competencias estatales&#8221;.<\/p>\n<p><img loading=\"lazy\" decoding=\"async\" class=\"alignnone size-medium wp-image-64641\" src=\"https:\/\/encuentroinformativo.com.mx\/wp-content\/uploads\/2025\/03\/IMG-20250311-WA01082-300x220.jpg\" alt=\"\" width=\"300\" height=\"220\" srcset=\"https:\/\/encuentroinformativo.com.mx\/wp-content\/uploads\/2025\/03\/IMG-20250311-WA01082-300x220.jpg 300w, https:\/\/encuentroinformativo.com.mx\/wp-content\/uploads\/2025\/03\/IMG-20250311-WA01082-1024x751.jpg 1024w, https:\/\/encuentroinformativo.com.mx\/wp-content\/uploads\/2025\/03\/IMG-20250311-WA01082-768x563.jpg 768w, https:\/\/encuentroinformativo.com.mx\/wp-content\/uploads\/2025\/03\/IMG-20250311-WA01082-420x307.jpg 420w, https:\/\/encuentroinformativo.com.mx\/wp-content\/uploads\/2025\/03\/IMG-20250311-WA01082.jpg 1055w\" sizes=\"auto, (max-width: 300px) 100vw, 300px\" \/><\/p>\n","protected":false},"excerpt":{"rendered":"<p>Dar\u00edo Pale Xalapa, Ver.- Pap\u00e1s protestaron este martes para exigir cuidado del agua y que cambien a la directora, acusan mala administraci\u00f3n de la alberca en la primaria &#8220;D\u00edaz Mir\u00f3n&#8221; de Xalapa, el mal estado provoca enfermedades a ni\u00f1os. Padres de familia de la Escuela Primaria &#8220;Salvador D\u00edaz Mir\u00f3n&#8221; de Xalapa se manifestaron este martes [&hellip;]<\/p>\n","protected":false},"author":2476,"featured_media":64640,"comment_status":"open","ping_status":"open","sticky":false,"template":"","format":"standard","meta":{"_jetpack_memberships_contains_paid_content":false,"footnotes":""},"categories":[3],"tags":[],"class_list":["post-64639","post","type-post","status-publish","format-standard","has-post-thumbnail","hentry","category-xalapa"],"jetpack_featured_media_url":"https:\/\/encuentroinformativo.com.mx\/wp-content\/uploads\/2025\/03\/IMG-20250311-WA0066.jpg","jetpack_sharing_enabled":true,"jetpack_likes_enabled":true,"amp_enabled":true,"_links":{"self":[{"href":"https:\/\/encuentroinformativo.com.mx\/index.php?rest_route=\/wp\/v2\/posts\/64639","targetHints":{"allow":["GET"]}}],"collection":[{"href":"https:\/\/encuentroinformativo.com.mx\/index.php?rest_route=\/wp\/v2\/posts"}],"about":[{"href":"https:\/\/encuentroinformativo.com.mx\/index.php?rest_route=\/wp\/v2\/types\/post"}],"author":[{"embeddable":true,"href":"https:\/\/encuentroinformativo.com.mx\/index.php?rest_route=\/wp\/v2\/users\/2476"}],"replies":[{"embeddable":true,"href":"https:\/\/encuentroinformativo.com.mx\/index.php?rest_route=%2Fwp%2Fv2%2Fcomments&post=64639"}],"version-history":[{"count":1,"href":"https:\/\/encuentroinformativo.com.mx\/index.php?rest_route=\/wp\/v2\/posts\/64639\/revisions"}],"predecessor-version":[{"id":64642,"href":"https:\/\/encuentroinformativo.com.mx\/index.php?rest_route=\/wp\/v2\/posts\/64639\/revisions\/64642"}],"wp:featuredmedia":[{"embeddable":true,"href":"https:\/\/encuentroinformativo.com.mx\/index.php?rest_route=\/wp\/v2\/media\/64640"}],"wp:attachment":[{"href":"https:\/\/encuentroinformativo.com.mx\/index.php?rest_route=%2Fwp%2Fv2%2Fmedia&parent=64639"}],"wp:term":[{"taxonomy":"category","embeddable":true,"href":"https:\/\/encuentroinformativo.com.mx\/index.php?rest_route=%2Fwp%2Fv2%2Fcategories&post=64639"},{"taxonomy":"post_tag","embeddable":true,"href":"https:\/\/encuentroinformativo.com.mx\/index.php?rest_route=%2Fwp%2Fv2%2Ftags&post=64639"}],"curies":[{"name":"wp","href":"https:\/\/api.w.org\/{rel}","templated":true}]}}