{"id":64646,"date":"2025-03-11T10:34:57","date_gmt":"2025-03-11T16:34:57","guid":{"rendered":"https:\/\/encuentroinformativo.com.mx\/?p=64646"},"modified":"2025-03-11T10:34:57","modified_gmt":"2025-03-11T16:34:57","slug":"el-trono-de-mexico-en-durangueando-fest-de-veracruz","status":"publish","type":"post","link":"https:\/\/encuentroinformativo.com.mx\/?p=64646","title":{"rendered":"El Trono de M\u00e9xico en Durangueando Fest de Veracruz"},"content":{"rendered":"<p><strong>Alejandro \u00c1vila<\/strong><\/p>\n<p>Veracruz, Ver.- Celebrando 11 a\u00f1os de trayectoria la agrupaci\u00f3n El Trono de M\u00e9xico se presentar\u00e1 este s\u00e1bado 15 de marzo en el auditorio Benito Ju\u00e1rez como parte del Durangueando Fest de Veracruz.<\/p>\n<p>Acompa\u00f1ados de La Apuesta y Capaz de Juan G\u00f3mez, el g\u00e9nero duranguense vuelve con todo al Puerto de Veracruz para deleitar a cientos de bailadores, los interesados en asistir al evento podr\u00e1n obtener sus entradas en la plataforma de deboleto.mx.<\/p>\n<p>El evento programado para iniciar a las 21 horas traer\u00e1 a tres de los mejores exponentes de este g\u00e9nero musical que revolucion\u00f3 el baile en M\u00e9xico desde inicios del nuevo siglo.<\/p>\n<p><img loading=\"lazy\" decoding=\"async\" class=\"alignnone size-medium wp-image-64647\" src=\"https:\/\/encuentroinformativo.com.mx\/wp-content\/uploads\/2025\/03\/IMG-20250311-WA0099-242x300.jpg\" alt=\"\" width=\"242\" height=\"300\" srcset=\"https:\/\/encuentroinformativo.com.mx\/wp-content\/uploads\/2025\/03\/IMG-20250311-WA0099-242x300.jpg 242w, https:\/\/encuentroinformativo.com.mx\/wp-content\/uploads\/2025\/03\/IMG-20250311-WA0099-828x1024.jpg 828w, https:\/\/encuentroinformativo.com.mx\/wp-content\/uploads\/2025\/03\/IMG-20250311-WA0099-768x950.jpg 768w, https:\/\/encuentroinformativo.com.mx\/wp-content\/uploads\/2025\/03\/IMG-20250311-WA0099-1241x1536.jpg 1241w, https:\/\/encuentroinformativo.com.mx\/wp-content\/uploads\/2025\/03\/IMG-20250311-WA0099.jpg 1293w\" sizes=\"auto, (max-width: 242px) 100vw, 242px\" \/><\/p>\n","protected":false},"excerpt":{"rendered":"<p>Alejandro \u00c1vila Veracruz, Ver.- Celebrando 11 a\u00f1os de trayectoria la agrupaci\u00f3n El Trono de M\u00e9xico se presentar\u00e1 este s\u00e1bado 15 de marzo en el auditorio Benito Ju\u00e1rez como parte del Durangueando Fest de Veracruz. Acompa\u00f1ados de La Apuesta y Capaz de Juan G\u00f3mez, el g\u00e9nero duranguense vuelve con todo al Puerto de Veracruz para deleitar [&hellip;]<\/p>\n","protected":false},"author":2476,"featured_media":64647,"comment_status":"open","ping_status":"open","sticky":false,"template":"","format":"standard","meta":{"_jetpack_memberships_contains_paid_content":false,"footnotes":""},"categories":[2],"tags":[],"class_list":["post-64646","post","type-post","status-publish","format-standard","has-post-thumbnail","hentry","category-estado"],"jetpack_featured_media_url":"https:\/\/encuentroinformativo.com.mx\/wp-content\/uploads\/2025\/03\/IMG-20250311-WA0099.jpg","jetpack_sharing_enabled":true,"jetpack_likes_enabled":true,"amp_enabled":true,"_links":{"self":[{"href":"https:\/\/encuentroinformativo.com.mx\/index.php?rest_route=\/wp\/v2\/posts\/64646","targetHints":{"allow":["GET"]}}],"collection":[{"href":"https:\/\/encuentroinformativo.com.mx\/index.php?rest_route=\/wp\/v2\/posts"}],"about":[{"href":"https:\/\/encuentroinformativo.com.mx\/index.php?rest_route=\/wp\/v2\/types\/post"}],"author":[{"embeddable":true,"href":"https:\/\/encuentroinformativo.com.mx\/index.php?rest_route=\/wp\/v2\/users\/2476"}],"replies":[{"embeddable":true,"href":"https:\/\/encuentroinformativo.com.mx\/index.php?rest_route=%2Fwp%2Fv2%2Fcomments&post=64646"}],"version-history":[{"count":2,"href":"https:\/\/encuentroinformativo.com.mx\/index.php?rest_route=\/wp\/v2\/posts\/64646\/revisions"}],"predecessor-version":[{"id":64649,"href":"https:\/\/encuentroinformativo.com.mx\/index.php?rest_route=\/wp\/v2\/posts\/64646\/revisions\/64649"}],"wp:featuredmedia":[{"embeddable":true,"href":"https:\/\/encuentroinformativo.com.mx\/index.php?rest_route=\/wp\/v2\/media\/64647"}],"wp:attachment":[{"href":"https:\/\/encuentroinformativo.com.mx\/index.php?rest_route=%2Fwp%2Fv2%2Fmedia&parent=64646"}],"wp:term":[{"taxonomy":"category","embeddable":true,"href":"https:\/\/encuentroinformativo.com.mx\/index.php?rest_route=%2Fwp%2Fv2%2Fcategories&post=64646"},{"taxonomy":"post_tag","embeddable":true,"href":"https:\/\/encuentroinformativo.com.mx\/index.php?rest_route=%2Fwp%2Fv2%2Ftags&post=64646"}],"curies":[{"name":"wp","href":"https:\/\/api.w.org\/{rel}","templated":true}]}}