{"id":64667,"date":"2025-03-11T19:08:06","date_gmt":"2025-03-12T01:08:06","guid":{"rendered":"https:\/\/encuentroinformativo.com.mx\/?p=64667"},"modified":"2025-03-11T19:08:06","modified_gmt":"2025-03-12T01:08:06","slug":"llama-ine-a-la-ciudadania-que-tramito-su-credencial-para-votar-a-recogerla","status":"publish","type":"post","link":"https:\/\/encuentroinformativo.com.mx\/?p=64667","title":{"rendered":"Llama INE a la ciudadan\u00eda que tramit\u00f3 su Credencial para Votar a recogerla"},"content":{"rendered":"<p><strong>* Tienen hasta el 31 de marzo.<\/strong><\/p>\n<p><strong>* Posterior a esta fecha, la credencial se podr\u00e1 recoger a partir del 2 de junio.<\/strong><\/p>\n<p>Ciudad de M\u00e9xico.- El Instituto Nacional Electoral (INE) informa a las y los ciudadanos que se inscribieron en el Padr\u00f3n Electoral, notificaron su cambio de domicilio o solicitaron alg\u00fan otro tr\u00e1mite como renovaci\u00f3n o reposici\u00f3n de su Credencial para Votar, que el plazo para recogerla vence el pr\u00f3ximo 31 de marzo.<\/p>\n<p>Las personas deber\u00e1n acudir al M\u00f3dulo de Atenci\u00f3n Ciudadana (MAC) donde tramitaron su Credencial para Votar y recogerla para que puedan ejercer su derecho al voto el pr\u00f3ximo 1 de junio.<\/p>\n<p>Las credenciales que no sean recogidas a m\u00e1s tardar el 31 de marzo ser\u00e1n resguardadas y se pondr\u00e1n a disposici\u00f3n de sus titulares hasta el pr\u00f3ximo 2 de junio.<\/p>\n<p>En este sentido, el INE invit\u00f3 a la ciudadan\u00eda que realiz\u00f3 alguno de estos tr\u00e1mites, a recoger su Credencial para Votar a fin de que pueda participar en la pr\u00f3xima Jornada Electoral.<\/p>\n<p><img loading=\"lazy\" decoding=\"async\" class=\"alignnone size-medium wp-image-64668\" src=\"https:\/\/encuentroinformativo.com.mx\/wp-content\/uploads\/2025\/03\/IMG-20250311-WA0457-300x300.jpg\" alt=\"\" width=\"300\" height=\"300\" srcset=\"https:\/\/encuentroinformativo.com.mx\/wp-content\/uploads\/2025\/03\/IMG-20250311-WA0457-300x300.jpg 300w, https:\/\/encuentroinformativo.com.mx\/wp-content\/uploads\/2025\/03\/IMG-20250311-WA0457-1024x1024.jpg 1024w, https:\/\/encuentroinformativo.com.mx\/wp-content\/uploads\/2025\/03\/IMG-20250311-WA0457-150x150.jpg 150w, https:\/\/encuentroinformativo.com.mx\/wp-content\/uploads\/2025\/03\/IMG-20250311-WA0457-768x768.jpg 768w, https:\/\/encuentroinformativo.com.mx\/wp-content\/uploads\/2025\/03\/IMG-20250311-WA0457.jpg 1080w\" sizes=\"auto, (max-width: 300px) 100vw, 300px\" \/><\/p>\n","protected":false},"excerpt":{"rendered":"<p>* Tienen hasta el 31 de marzo. * Posterior a esta fecha, la credencial se podr\u00e1 recoger a partir del 2 de junio. Ciudad de M\u00e9xico.- El Instituto Nacional Electoral (INE) informa a las y los ciudadanos que se inscribieron en el Padr\u00f3n Electoral, notificaron su cambio de domicilio o solicitaron alg\u00fan otro tr\u00e1mite como [&hellip;]<\/p>\n","protected":false},"author":2476,"featured_media":64668,"comment_status":"open","ping_status":"open","sticky":false,"template":"","format":"standard","meta":{"_jetpack_memberships_contains_paid_content":false,"footnotes":""},"categories":[2],"tags":[],"class_list":["post-64667","post","type-post","status-publish","format-standard","has-post-thumbnail","hentry","category-estado"],"jetpack_featured_media_url":"https:\/\/encuentroinformativo.com.mx\/wp-content\/uploads\/2025\/03\/IMG-20250311-WA0457.jpg","jetpack_sharing_enabled":true,"jetpack_likes_enabled":true,"amp_enabled":true,"_links":{"self":[{"href":"https:\/\/encuentroinformativo.com.mx\/index.php?rest_route=\/wp\/v2\/posts\/64667","targetHints":{"allow":["GET"]}}],"collection":[{"href":"https:\/\/encuentroinformativo.com.mx\/index.php?rest_route=\/wp\/v2\/posts"}],"about":[{"href":"https:\/\/encuentroinformativo.com.mx\/index.php?rest_route=\/wp\/v2\/types\/post"}],"author":[{"embeddable":true,"href":"https:\/\/encuentroinformativo.com.mx\/index.php?rest_route=\/wp\/v2\/users\/2476"}],"replies":[{"embeddable":true,"href":"https:\/\/encuentroinformativo.com.mx\/index.php?rest_route=%2Fwp%2Fv2%2Fcomments&post=64667"}],"version-history":[{"count":2,"href":"https:\/\/encuentroinformativo.com.mx\/index.php?rest_route=\/wp\/v2\/posts\/64667\/revisions"}],"predecessor-version":[{"id":64670,"href":"https:\/\/encuentroinformativo.com.mx\/index.php?rest_route=\/wp\/v2\/posts\/64667\/revisions\/64670"}],"wp:featuredmedia":[{"embeddable":true,"href":"https:\/\/encuentroinformativo.com.mx\/index.php?rest_route=\/wp\/v2\/media\/64668"}],"wp:attachment":[{"href":"https:\/\/encuentroinformativo.com.mx\/index.php?rest_route=%2Fwp%2Fv2%2Fmedia&parent=64667"}],"wp:term":[{"taxonomy":"category","embeddable":true,"href":"https:\/\/encuentroinformativo.com.mx\/index.php?rest_route=%2Fwp%2Fv2%2Fcategories&post=64667"},{"taxonomy":"post_tag","embeddable":true,"href":"https:\/\/encuentroinformativo.com.mx\/index.php?rest_route=%2Fwp%2Fv2%2Ftags&post=64667"}],"curies":[{"name":"wp","href":"https:\/\/api.w.org\/{rel}","templated":true}]}}