{"id":64673,"date":"2025-03-12T09:58:01","date_gmt":"2025-03-12T15:58:01","guid":{"rendered":"https:\/\/encuentroinformativo.com.mx\/?p=64673"},"modified":"2025-03-12T09:58:01","modified_gmt":"2025-03-12T15:58:01","slug":"veracruz-sin-halcones-en-2025","status":"publish","type":"post","link":"https:\/\/encuentroinformativo.com.mx\/?p=64673","title":{"rendered":"Veracruz sin Halcones en 2025"},"content":{"rendered":"<p><strong>Alejandro \u00c1vila<\/strong><\/p>\n<p>Veracruz, Ver.- El ex subsecretario de Finanzas y Planeaci\u00f3n (SEFIPLAN) de Cuitl\u00e1huac Garc\u00eda Jim\u00e9nez, Ricardo Rodr\u00edguez D\u00edaz, actual presidente de Halcones Rojos de Veracruz, no pudo con el paquete y este martes se confirm\u00f3 que la quinteta emplumada no participar\u00e1 en la edici\u00f3n 2025 de la Liga Nacional de Baloncesto Profesional (LNBP).<\/p>\n<p>Un esc\u00e1ndalo por presunta multipropiedad del presidente de Halcones Xalapa, \u00c1ngel Morales Blanchet (pues tiene acciones en Halcones Rojos de Veracruz), y la deuda de aproximadamente 10 millones de pesos de la quinteta jarocha a proveedores, jugadores y empleados, han sido parte de la decisi\u00f3n que tom\u00f3 el presidente de la LNBP, Sergio Ganem, para no incluirlos en el certamen 2025.<\/p>\n<p>Aunque el propio Sergio Ganem asegur\u00f3 que a\u00fan se podr\u00edan incluir nuevos equipos, ya que la fecha oficial para registrar quintetas es el pr\u00f3ximo 27 de marzo; durante la presentaci\u00f3n oficial de la Liga Nacional de Baloncesto Profesional realizada este martes 11 de marzo, Veracruz y Xalapa no fueron incluidos en la rama femenil, mientras que en la rama varonil solo est\u00e1 inscrito Halcones Xalapa.<\/p>\n<p>Cabe recordar que el pasado 6 de mayo del 2023, a\u00fan como secretaria de Energ\u00eda y previo a ser confirmada como candidata a la gubernatura de Veracruz por Morena, Roc\u00edo Nahle Garc\u00eda se present\u00f3 en el auditorio &#8220;Benito Ju\u00e1rez&#8221; por invitaci\u00f3n de Cuitl\u00e1huac Garc\u00eda Jim\u00e9nez, y se\u00f1al\u00f3 a los medios de comunicaci\u00f3n.<\/p>\n<p>&#8220;Este es mi deporte, lo jugu\u00e9 much\u00edsimos a\u00f1os y es padr\u00edsimo, es precioso, y un gusto estar aqu\u00ed hoy en Veracruz. Mi gobernador hoy me hizo el favor de invitarme y estoy feliz&#8221;.<\/p>\n<p>Esa noche se realizaba la primera edici\u00f3n femenil del cl\u00e1sico veracruzano, mismo que ganaron las Halconas Xalapa como visitantes a las Halconas Rojas por marcador de 75 &#8211; 65.<\/p>\n","protected":false},"excerpt":{"rendered":"<p>Alejandro \u00c1vila Veracruz, Ver.- El ex subsecretario de Finanzas y Planeaci\u00f3n (SEFIPLAN) de Cuitl\u00e1huac Garc\u00eda Jim\u00e9nez, Ricardo Rodr\u00edguez D\u00edaz, actual presidente de Halcones Rojos de Veracruz, no pudo con el paquete y este martes se confirm\u00f3 que la quinteta emplumada no participar\u00e1 en la edici\u00f3n 2025 de la Liga Nacional de Baloncesto Profesional (LNBP). Un [&hellip;]<\/p>\n","protected":false},"author":2476,"featured_media":64674,"comment_status":"open","ping_status":"open","sticky":false,"template":"","format":"standard","meta":{"_jetpack_memberships_contains_paid_content":false,"footnotes":""},"categories":[2],"tags":[],"class_list":["post-64673","post","type-post","status-publish","format-standard","has-post-thumbnail","hentry","category-estado"],"jetpack_featured_media_url":"https:\/\/encuentroinformativo.com.mx\/wp-content\/uploads\/2025\/03\/IMG-20250312-WA0021.jpg","jetpack_sharing_enabled":true,"jetpack_likes_enabled":true,"amp_enabled":true,"_links":{"self":[{"href":"https:\/\/encuentroinformativo.com.mx\/index.php?rest_route=\/wp\/v2\/posts\/64673","targetHints":{"allow":["GET"]}}],"collection":[{"href":"https:\/\/encuentroinformativo.com.mx\/index.php?rest_route=\/wp\/v2\/posts"}],"about":[{"href":"https:\/\/encuentroinformativo.com.mx\/index.php?rest_route=\/wp\/v2\/types\/post"}],"author":[{"embeddable":true,"href":"https:\/\/encuentroinformativo.com.mx\/index.php?rest_route=\/wp\/v2\/users\/2476"}],"replies":[{"embeddable":true,"href":"https:\/\/encuentroinformativo.com.mx\/index.php?rest_route=%2Fwp%2Fv2%2Fcomments&post=64673"}],"version-history":[{"count":1,"href":"https:\/\/encuentroinformativo.com.mx\/index.php?rest_route=\/wp\/v2\/posts\/64673\/revisions"}],"predecessor-version":[{"id":64675,"href":"https:\/\/encuentroinformativo.com.mx\/index.php?rest_route=\/wp\/v2\/posts\/64673\/revisions\/64675"}],"wp:featuredmedia":[{"embeddable":true,"href":"https:\/\/encuentroinformativo.com.mx\/index.php?rest_route=\/wp\/v2\/media\/64674"}],"wp:attachment":[{"href":"https:\/\/encuentroinformativo.com.mx\/index.php?rest_route=%2Fwp%2Fv2%2Fmedia&parent=64673"}],"wp:term":[{"taxonomy":"category","embeddable":true,"href":"https:\/\/encuentroinformativo.com.mx\/index.php?rest_route=%2Fwp%2Fv2%2Fcategories&post=64673"},{"taxonomy":"post_tag","embeddable":true,"href":"https:\/\/encuentroinformativo.com.mx\/index.php?rest_route=%2Fwp%2Fv2%2Ftags&post=64673"}],"curies":[{"name":"wp","href":"https:\/\/api.w.org\/{rel}","templated":true}]}}