{"id":64676,"date":"2025-03-12T12:26:53","date_gmt":"2025-03-12T18:26:53","guid":{"rendered":"https:\/\/encuentroinformativo.com.mx\/?p=64676"},"modified":"2025-03-12T12:26:53","modified_gmt":"2025-03-12T18:26:53","slug":"protestan-padres-de-primaria-justo-sierra-demandan-destitucion-del-director","status":"publish","type":"post","link":"https:\/\/encuentroinformativo.com.mx\/?p=64676","title":{"rendered":"Protestan padres de primaria &#8220;Justo Sierra&#8221;, demandan destituci\u00f3n del director"},"content":{"rendered":"<p><strong>Dar\u00edo Pale<\/strong><\/p>\n<p>Xalapa, Ver.- Padres y madres de Familia de la primaria Justo Sierra se manifestaron bloqueando la avenida L\u00e1zaro C\u00e1rdenas ya que solicitan la destituci\u00f3n del director del plantel y que se les haga una auditor\u00eda ya que los acusan de malos manejos administrativos, adem\u00e1s de acoso laboral y sexual.<\/p>\n<p>Una madre de familia se\u00f1al\u00f3 que el director Javier Mart\u00ednez se deslindo de haber utilizado el dinero, y de forma grosera y d\u00e9spota incluso ha jaloneado a varias madres de familia y les ha gritado, adem\u00e1s de que siempre que piden las grabaciones para exponerlos las c\u00e1maras no funcionan.<\/p>\n<p>\u201cEl director desde que entr\u00f3 \u00e9l siempre se ha resguardado que es abogado y con eso nos intimida, con eso siempre a tratado de amedrentar a los padres, \u00e9l dice y yo lo puedo sostener que en una reuni\u00f3n que sostuvimos el a\u00f1o pasado entramos a la direcci\u00f3n y nos dijo por mi me pueden levantar un acta y no me van a afectar porque?, porque estoy bien parado con el supervisor de zona\u201d, se\u00f1al\u00f3 una madre de familia.<\/p>\n<p>Con lo anterior se presume que tambi\u00e9n el supervisor de zona est\u00e1 coludido con el director y con eso los quiere amedrentar, para todo un oficio a las maestras que despidieron de forma injustificada seg\u00fan por maltratar a un ni\u00f1o simplemente se presentaron con un oficio firmado por \u00e9l y que a partir del lunes ya no se presentara, se brinc\u00f3 la zona escolar la supervisi\u00f3n, el sindicato de la secci\u00f3n 32 de la SNTE.<\/p>\n<p>Es por este y otros motivos que quieren que se le haga una investigaci\u00f3n \u201cprofunda\u201d, si es verdad no hay problema, de lo contrario quieren que regresen las maestras porque los hijos ya van en la secundaria y estuvieron con ellas y nunca tuvieron problemas, la directora pasada la maestra Olga fue una directora excelente.<\/p>\n<p>Finalmente se\u00f1alaron que quieren saber si la Secretar\u00eda de Educaci\u00f3n de Veracruz (SEV), encubre a directores de ese tipo para que mejor saquen a sus hijos de esa escuela, ya que tambien dos maestras lo acusan de acoso laboral y de acoso sexual eso es muy grave y el director debe de ser separado de su cargo ya que hay ni\u00f1as y temen por su integridad.<\/p>\n","protected":false},"excerpt":{"rendered":"<p>Dar\u00edo Pale Xalapa, Ver.- Padres y madres de Familia de la primaria Justo Sierra se manifestaron bloqueando la avenida L\u00e1zaro C\u00e1rdenas ya que solicitan la destituci\u00f3n del director del plantel y que se les haga una auditor\u00eda ya que los acusan de malos manejos administrativos, adem\u00e1s de acoso laboral y sexual. Una madre de familia [&hellip;]<\/p>\n","protected":false},"author":2476,"featured_media":64677,"comment_status":"open","ping_status":"open","sticky":false,"template":"","format":"standard","meta":{"_jetpack_memberships_contains_paid_content":false,"footnotes":""},"categories":[3],"tags":[],"class_list":["post-64676","post","type-post","status-publish","format-standard","has-post-thumbnail","hentry","category-xalapa"],"jetpack_featured_media_url":"https:\/\/encuentroinformativo.com.mx\/wp-content\/uploads\/2025\/03\/IMG-20250312-WA0056.jpg","jetpack_sharing_enabled":true,"jetpack_likes_enabled":true,"amp_enabled":true,"_links":{"self":[{"href":"https:\/\/encuentroinformativo.com.mx\/index.php?rest_route=\/wp\/v2\/posts\/64676","targetHints":{"allow":["GET"]}}],"collection":[{"href":"https:\/\/encuentroinformativo.com.mx\/index.php?rest_route=\/wp\/v2\/posts"}],"about":[{"href":"https:\/\/encuentroinformativo.com.mx\/index.php?rest_route=\/wp\/v2\/types\/post"}],"author":[{"embeddable":true,"href":"https:\/\/encuentroinformativo.com.mx\/index.php?rest_route=\/wp\/v2\/users\/2476"}],"replies":[{"embeddable":true,"href":"https:\/\/encuentroinformativo.com.mx\/index.php?rest_route=%2Fwp%2Fv2%2Fcomments&post=64676"}],"version-history":[{"count":1,"href":"https:\/\/encuentroinformativo.com.mx\/index.php?rest_route=\/wp\/v2\/posts\/64676\/revisions"}],"predecessor-version":[{"id":64678,"href":"https:\/\/encuentroinformativo.com.mx\/index.php?rest_route=\/wp\/v2\/posts\/64676\/revisions\/64678"}],"wp:featuredmedia":[{"embeddable":true,"href":"https:\/\/encuentroinformativo.com.mx\/index.php?rest_route=\/wp\/v2\/media\/64677"}],"wp:attachment":[{"href":"https:\/\/encuentroinformativo.com.mx\/index.php?rest_route=%2Fwp%2Fv2%2Fmedia&parent=64676"}],"wp:term":[{"taxonomy":"category","embeddable":true,"href":"https:\/\/encuentroinformativo.com.mx\/index.php?rest_route=%2Fwp%2Fv2%2Fcategories&post=64676"},{"taxonomy":"post_tag","embeddable":true,"href":"https:\/\/encuentroinformativo.com.mx\/index.php?rest_route=%2Fwp%2Fv2%2Ftags&post=64676"}],"curies":[{"name":"wp","href":"https:\/\/api.w.org\/{rel}","templated":true}]}}