{"id":64679,"date":"2025-03-12T14:03:29","date_gmt":"2025-03-12T20:03:29","guid":{"rendered":"https:\/\/encuentroinformativo.com.mx\/?p=64679"},"modified":"2025-03-12T14:03:29","modified_gmt":"2025-03-12T20:03:29","slug":"rechazan-artistas-fusion-de-secretaria-de-cultura","status":"publish","type":"post","link":"https:\/\/encuentroinformativo.com.mx\/?p=64679","title":{"rendered":"Rechazan artistas fusi\u00f3n de Secretar\u00eda de Cultura"},"content":{"rendered":"<p><strong>Dar\u00edo Pale<\/strong><\/p>\n<p>Xalapa, Ver.- Cuitl\u00e1huac Pascual G\u00f3mez director de la obra \u201cHombre Gacela\u201d, calific\u00f3 como un error garrafal la fusi\u00f3n de la Secretar\u00eda de Cultura con la de Turismo, ya que esto fue una fusi\u00f3n hecha al vapor.<\/p>\n<p>En conferencia de prensa se\u00f1alaron que, el mes de diciembre cuando hab\u00eda tomado posesi\u00f3n la nueva secretaria de cultura los invit\u00f3 a un acto masivo donde llegaron a presentar sus proyectos los apoyar\u00eda ya que por fin hab\u00eda una secretaria de cultura y se sintieron escuchados donde creyeron que era un puerto seguro y ahora les dicen que ya no existir\u00e1.<\/p>\n<p>\u201cEsos papeles que dejamos ahora que no sirvieron para nada, porque eso al principio si y ahora ya no, o sea a qu\u00e9 obedeci\u00f3 este cambio, que creemos que son ocurrencias o que salen al paso sin un plan general de desarrollo para el estado, que es lo que pasa?, porque eso nunca lo dijo la candidata cuando era candidata que iba a quitar la secretar\u00eda de cultura, lo hubieran dicho y los creadores hubi\u00e9ramos pensado nuestro voto\u201d, se\u00f1al\u00f3.<\/p>\n<p>Comentaron que mediante esta acci\u00f3n si se habla de la nomenclatura est\u00e1 tambi\u00e9n determina el porqu\u00e9 ser\u00eda una secretaria de turismo y cultura poniendo en primer lugar el turismo y dejando en segundo lugar la cultura, si se hablara de una fusi\u00f3n pensada habr\u00eda que considerar porque no ser\u00eda mejor una Secretar\u00eda de Cultura y Turismo, esto pondera que se est\u00e1 poniendo al turismo por encima de la cultura.<\/p>\n<p>Con esto a la cultura se le considerar\u00eda m\u00e1s que un bien es como un gasto y eso es un error garrafal ya que la cultura aporta no solo en el desarrollo sino tambi\u00e9n en t\u00e9rminos econ\u00f3micos aporta el producto interno bruto de la entidad, eso habla de una falta de conocimiento y de decisiones que no est\u00e1n tomadas desde una conciencia real de lo que se est\u00e1 queriendo generar en la entidad.<\/p>\n<p>\u201cNo hablamos solo de la Secretar\u00eda de Cultura para los artistas, hablamos del impacto de esta decisi\u00f3n en toda la cultura de una entidad y eso les ata\u00f1e a todos\u201d, coment\u00f3.<\/p>\n<p>En cuanto a las repercusiones ser\u00eda en tres dimensiones la presupuestal, la identitaria y la organizatividad, en la presupuestal es de c\u00f3mo se van a repartir los presupuestos, que programas desaparecer\u00edan, qu\u00e9 programas dejar\u00edan de fortalecer, qu\u00e9 es lo que necesitar\u00edan fortalecer todo eso quedar\u00eda de lado todos se quedar\u00edan sin representaci\u00f3n y muchos se quedar\u00edan sin trabajo.<\/p>\n<p>\u201cLos artistas siempre estamos generando, siempre estamos generando trabajo de forma independiente, aut\u00f3noma y autogestiva. Pero el hecho de tener una figura de representatividad nos da la posibilidad de acceder a esos recursos. Entonces, no es que nos est\u00e9n pagando, es que siempre generamos producto y ese producto lo podemos presentar a una instancia que nos pueda apoyar para que desarrollemos, que desarrollemos nuestros proyectos\u201d, inform\u00f3.<\/p>\n<p>En el tiempo que estaba como Instituto Veracruzano de la Cultura (IVEC), estos programas se han generado, entonces ahora que se est\u00e1 presentando esta propuesta de fusi\u00f3n, no sabemos de qu\u00e9 manera va a impactar.<\/p>\n<p>Finalmente se\u00f1al\u00f3, \u201cnosotros est\u00e1bamos esperando que se acomodaran, empieza este a\u00f1o, empieza el a\u00f1o fiscal, van a salir las convocatorias, hasta la fecha, \u00bfY c\u00f3mo nos va a afectar? Porque el gobierno es el que nos puede apoyar para que llevemos la cultura a las comunidades apartadas, podemos ir a la sierra, a las colonias m\u00e1s apartadas, a llevar el teatro, la danza, la m\u00fasica, a la gente que no la puede pagar, pero que tiene el derecho, que es un derecho constitucional, el derecho a la cultura, a sus manifestaciones y a expresarse culturalmente\u201d.<\/p>\n","protected":false},"excerpt":{"rendered":"<p>Dar\u00edo Pale Xalapa, Ver.- Cuitl\u00e1huac Pascual G\u00f3mez director de la obra \u201cHombre Gacela\u201d, calific\u00f3 como un error garrafal la fusi\u00f3n de la Secretar\u00eda de Cultura con la de Turismo, ya que esto fue una fusi\u00f3n hecha al vapor. En conferencia de prensa se\u00f1alaron que, el mes de diciembre cuando hab\u00eda tomado posesi\u00f3n la nueva secretaria [&hellip;]<\/p>\n","protected":false},"author":2476,"featured_media":64682,"comment_status":"open","ping_status":"open","sticky":false,"template":"","format":"standard","meta":{"_jetpack_memberships_contains_paid_content":false,"footnotes":""},"categories":[3],"tags":[],"class_list":["post-64679","post","type-post","status-publish","format-standard","has-post-thumbnail","hentry","category-xalapa"],"jetpack_featured_media_url":"https:\/\/encuentroinformativo.com.mx\/wp-content\/uploads\/2025\/03\/IMG-20250312-WA01623.jpg","jetpack_sharing_enabled":true,"jetpack_likes_enabled":true,"amp_enabled":true,"_links":{"self":[{"href":"https:\/\/encuentroinformativo.com.mx\/index.php?rest_route=\/wp\/v2\/posts\/64679","targetHints":{"allow":["GET"]}}],"collection":[{"href":"https:\/\/encuentroinformativo.com.mx\/index.php?rest_route=\/wp\/v2\/posts"}],"about":[{"href":"https:\/\/encuentroinformativo.com.mx\/index.php?rest_route=\/wp\/v2\/types\/post"}],"author":[{"embeddable":true,"href":"https:\/\/encuentroinformativo.com.mx\/index.php?rest_route=\/wp\/v2\/users\/2476"}],"replies":[{"embeddable":true,"href":"https:\/\/encuentroinformativo.com.mx\/index.php?rest_route=%2Fwp%2Fv2%2Fcomments&post=64679"}],"version-history":[{"count":1,"href":"https:\/\/encuentroinformativo.com.mx\/index.php?rest_route=\/wp\/v2\/posts\/64679\/revisions"}],"predecessor-version":[{"id":64681,"href":"https:\/\/encuentroinformativo.com.mx\/index.php?rest_route=\/wp\/v2\/posts\/64679\/revisions\/64681"}],"wp:featuredmedia":[{"embeddable":true,"href":"https:\/\/encuentroinformativo.com.mx\/index.php?rest_route=\/wp\/v2\/media\/64682"}],"wp:attachment":[{"href":"https:\/\/encuentroinformativo.com.mx\/index.php?rest_route=%2Fwp%2Fv2%2Fmedia&parent=64679"}],"wp:term":[{"taxonomy":"category","embeddable":true,"href":"https:\/\/encuentroinformativo.com.mx\/index.php?rest_route=%2Fwp%2Fv2%2Fcategories&post=64679"},{"taxonomy":"post_tag","embeddable":true,"href":"https:\/\/encuentroinformativo.com.mx\/index.php?rest_route=%2Fwp%2Fv2%2Ftags&post=64679"}],"curies":[{"name":"wp","href":"https:\/\/api.w.org\/{rel}","templated":true}]}}