{"id":64683,"date":"2025-03-12T14:26:07","date_gmt":"2025-03-12T20:26:07","guid":{"rendered":"https:\/\/encuentroinformativo.com.mx\/?p=64683"},"modified":"2025-03-12T14:26:07","modified_gmt":"2025-03-12T20:26:07","slug":"colectivos-atentos-ante-hallazgo-de-campo-de-exterminio-en-jalisco","status":"publish","type":"post","link":"https:\/\/encuentroinformativo.com.mx\/?p=64683","title":{"rendered":"Colectivos atentos ante hallazgo de campo de exterminio en Jalisco"},"content":{"rendered":"<p><strong>Dar\u00edo Pale<\/strong><\/p>\n<p>Xalapa, Ver.- Ana\u00eds Palacios acompa\u00f1ante de colectivos de b\u00fasqueda y de madres buscadoras dio a conocer que el &#8220;campo de exterminio&#8221; de Jalisco, es comparables las fosas de La Gallera o Colinas de Santa Fe en Veracruz, pero hasta el momento no tienen informaci\u00f3n de que exista alg\u00fan veracruzano entre los que hallaron.<\/p>\n<p>En entrevista admiti\u00f3 que tras la noticia que ha impactado a todo el pa\u00eds y quiz\u00e1 al mundo entero, las familias de Veracruz seguramente querr\u00e1n ir.<\/p>\n<p>En ese sentido, opin\u00f3 que lo que pas\u00f3 en Jalisco deja en evidencia cu\u00e1l ha sido el papel del Estado, es decir, que ha sido omiso.<\/p>\n<p>Adem\u00e1s, se deja evidencia de que puede haber &#8220;cocinas en todo el pa\u00eds&#8221; y ah\u00ed se\u00f1al\u00f3 que Veracruz es el lugar n\u00famero uno a nivel nacional por la localizaci\u00f3n de fosas clandestinas.<\/p>\n<p>Ana\u00eds Palacios compar\u00f3 ese sitio de Jalisco a la Gallera de Tihuatl\u00e1n, Colinas de Santa Fe, la Laguna, Arbolillo y la Guapota.<\/p>\n<p>&#8220;No tenemos esa misma din\u00e1mica delictiva y de destrucci\u00f3n de cuerpos -que son las cocinas en particular-, pero vemos que hay ciertas conductas de grupos que van y depositan espec\u00edficamente, pero los hay, en Veracruz, claro que s\u00ed&#8221;, asegur\u00f3.<\/p>\n<p>Inform\u00f3 que todav\u00eda no tienen datos o informaci\u00f3n de que entre los hallazgos de lo que ya se denomina &#8220;el campo de exterminio&#8221; de Teuchitl\u00e1n, Jalisco, haya personas de Veracruz.<\/p>\n<p>&#8220;Hasta este momento no, eso les explot\u00f3 en las manos a todo mundo y no les dio tiempo ni de esconder, todav\u00eda no tenemos, pero seguramente desde los colectivos y desde las organizaciones que trabajan en Jalisco estar\u00e1n compartiendo&#8221;, se\u00f1al\u00f3.<\/p>\n<p>La integrante del Instituto Mexicano de Derechos Humanos y Democracia, reconoci\u00f3 que algunas familias decidir\u00e1n trasladarse a aquella entidad por su cuenta para buscar a sus seres queridos.<\/p>\n<p>Opin\u00f3 que los colectivos a veces al compartir vulneran la legalidad de los casos, pero tambi\u00e9n gracias a eso es que se conocen cartas de personas desaparecidas en 2003, o como ahora, el horror grafico de la cantidad de zapatos, en Jalisco y del crematorio en s\u00ed.<\/p>\n<p>&#8220;Pero todav\u00eda no tenemos datos que vinculen a personas de Veracruz en Jalisco&#8221;, defini\u00f3.<\/p>\n<p>Puntualiz\u00f3 que en primer t\u00e9rmino, en esos lugares deber\u00edan estar las autoridades por la validez que se le tiene que dar al hallazgo.<\/p>\n<p>Pregunt\u00f3 por ejemplo qu\u00e9 ocurre cuando las familias encuentran un lugar o elementos biol\u00f3gicos, osamentas, entre otros, pues que muchas veces eso genera un impacto en la legalidad en caso.<\/p>\n<p>Finalmente se\u00f1al\u00f3 que, &#8220;porque si otra persona ajena a la autorizada para procesar todo eso, puede contaminar indicios. A veces hemos visto cuando se llevan elementos \u00f3seos para demostrar que s\u00ed hab\u00eda y se los llevan a su casa y los traen al d\u00eda siguiente. Esto tiene un impacto en la legalidad&#8221;.<\/p>\n","protected":false},"excerpt":{"rendered":"<p>Dar\u00edo Pale Xalapa, Ver.- Ana\u00eds Palacios acompa\u00f1ante de colectivos de b\u00fasqueda y de madres buscadoras dio a conocer que el &#8220;campo de exterminio&#8221; de Jalisco, es comparables las fosas de La Gallera o Colinas de Santa Fe en Veracruz, pero hasta el momento no tienen informaci\u00f3n de que exista alg\u00fan veracruzano entre los que hallaron. [&hellip;]<\/p>\n","protected":false},"author":2476,"featured_media":64684,"comment_status":"open","ping_status":"open","sticky":false,"template":"","format":"standard","meta":{"_jetpack_memberships_contains_paid_content":false,"footnotes":""},"categories":[2],"tags":[],"class_list":["post-64683","post","type-post","status-publish","format-standard","has-post-thumbnail","hentry","category-estado"],"jetpack_featured_media_url":"https:\/\/encuentroinformativo.com.mx\/wp-content\/uploads\/2025\/03\/IMG-20250312-WA02162.jpg","jetpack_sharing_enabled":true,"jetpack_likes_enabled":true,"amp_enabled":true,"_links":{"self":[{"href":"https:\/\/encuentroinformativo.com.mx\/index.php?rest_route=\/wp\/v2\/posts\/64683","targetHints":{"allow":["GET"]}}],"collection":[{"href":"https:\/\/encuentroinformativo.com.mx\/index.php?rest_route=\/wp\/v2\/posts"}],"about":[{"href":"https:\/\/encuentroinformativo.com.mx\/index.php?rest_route=\/wp\/v2\/types\/post"}],"author":[{"embeddable":true,"href":"https:\/\/encuentroinformativo.com.mx\/index.php?rest_route=\/wp\/v2\/users\/2476"}],"replies":[{"embeddable":true,"href":"https:\/\/encuentroinformativo.com.mx\/index.php?rest_route=%2Fwp%2Fv2%2Fcomments&post=64683"}],"version-history":[{"count":1,"href":"https:\/\/encuentroinformativo.com.mx\/index.php?rest_route=\/wp\/v2\/posts\/64683\/revisions"}],"predecessor-version":[{"id":64685,"href":"https:\/\/encuentroinformativo.com.mx\/index.php?rest_route=\/wp\/v2\/posts\/64683\/revisions\/64685"}],"wp:featuredmedia":[{"embeddable":true,"href":"https:\/\/encuentroinformativo.com.mx\/index.php?rest_route=\/wp\/v2\/media\/64684"}],"wp:attachment":[{"href":"https:\/\/encuentroinformativo.com.mx\/index.php?rest_route=%2Fwp%2Fv2%2Fmedia&parent=64683"}],"wp:term":[{"taxonomy":"category","embeddable":true,"href":"https:\/\/encuentroinformativo.com.mx\/index.php?rest_route=%2Fwp%2Fv2%2Fcategories&post=64683"},{"taxonomy":"post_tag","embeddable":true,"href":"https:\/\/encuentroinformativo.com.mx\/index.php?rest_route=%2Fwp%2Fv2%2Ftags&post=64683"}],"curies":[{"name":"wp","href":"https:\/\/api.w.org\/{rel}","templated":true}]}}