{"id":64697,"date":"2025-03-13T10:40:25","date_gmt":"2025-03-13T16:40:25","guid":{"rendered":"https:\/\/encuentroinformativo.com.mx\/?p=64697"},"modified":"2025-03-13T10:40:25","modified_gmt":"2025-03-13T16:40:25","slug":"reclaman-morenistas-presuntas-candidaturas-en-soledad-de-doblado","status":"publish","type":"post","link":"https:\/\/encuentroinformativo.com.mx\/?p=64697","title":{"rendered":"Reclaman morenistas presuntas candidaturas en Soledad de Doblado"},"content":{"rendered":"<p><strong>Redacci\u00f3n<\/strong><\/p>\n<p>Soledad de Doblado, Ver.- A trav\u00e9s de redes sociales ciudadanos que se identificaron como morenistas de cepa, reclamaron la posible nominaci\u00f3n como candidata a la alcald\u00eda de Soledad de Doblado por Morena-Verde de Martha Utrera o Elsa M\u00e9ndez.<\/p>\n<p>En diversos grupos de <em>Facebook<\/em> del municipio, ciudadanos reclamaron a la ex alcaldesa del PRI, Martha Utrera, de ser una candidata yunista, qui\u00e9n en su paso por la presidencia municipal se encarg\u00f3 de organizarles sendas fiestas a los tambi\u00e9n chole\u00f1os, Miguel \u00c1ngel Yunes Linares y H\u00e9ctor Yunes Landa.<\/p>\n<p>De la misma manera, tambi\u00e9n se\u00f1alaron a Elsa M\u00e9ndez, ex aspirante a la alcald\u00eda de Soledad de Doblado por Movimiento Ciudadano, de haber promovido abiertamente durante la pasada elecci\u00f3n a la gubernatura, a Jos\u00e9 Francisco Yunes Zorrilla.<\/p>\n<p>Los ciudadanos exigieron congruencia a la dirigencia estatal y nacional del partido guinda, asegurando que ambas aspirantes nunca han trabajado por la Cuarta Transformaci\u00f3n, y ahora, a trav\u00e9s de sus padrinos, la familia Yunes, buscan lograr la presidencia municipal.<\/p>\n<p>Si bien en Soledad de Doblado ser\u00e1 el Partido Verde Ecologista qui\u00e9n coloque al candidato, los chole\u00f1os exigen no se le d\u00e9 cabida a personajes que no comulgan con la identidad y proyectos de la presidenta, Claudia Sheinbaum Pardo, y la gobernadora, Roc\u00edo Nahle Garc\u00eda, ya que si gana un candidato ser\u00e1 por el Voto a Morena y no por el Voto Verde.<\/p>\n","protected":false},"excerpt":{"rendered":"<p>Redacci\u00f3n Soledad de Doblado, Ver.- A trav\u00e9s de redes sociales ciudadanos que se identificaron como morenistas de cepa, reclamaron la posible nominaci\u00f3n como candidata a la alcald\u00eda de Soledad de Doblado por Morena-Verde de Martha Utrera o Elsa M\u00e9ndez. En diversos grupos de Facebook del municipio, ciudadanos reclamaron a la ex alcaldesa del PRI, Martha [&hellip;]<\/p>\n","protected":false},"author":2476,"featured_media":64698,"comment_status":"open","ping_status":"open","sticky":false,"template":"","format":"standard","meta":{"_jetpack_memberships_contains_paid_content":false,"footnotes":""},"categories":[2],"tags":[],"class_list":["post-64697","post","type-post","status-publish","format-standard","has-post-thumbnail","hentry","category-estado"],"jetpack_featured_media_url":"https:\/\/encuentroinformativo.com.mx\/wp-content\/uploads\/2025\/03\/IMG-20250313-WA01562.jpg","jetpack_sharing_enabled":true,"jetpack_likes_enabled":true,"amp_enabled":true,"_links":{"self":[{"href":"https:\/\/encuentroinformativo.com.mx\/index.php?rest_route=\/wp\/v2\/posts\/64697","targetHints":{"allow":["GET"]}}],"collection":[{"href":"https:\/\/encuentroinformativo.com.mx\/index.php?rest_route=\/wp\/v2\/posts"}],"about":[{"href":"https:\/\/encuentroinformativo.com.mx\/index.php?rest_route=\/wp\/v2\/types\/post"}],"author":[{"embeddable":true,"href":"https:\/\/encuentroinformativo.com.mx\/index.php?rest_route=\/wp\/v2\/users\/2476"}],"replies":[{"embeddable":true,"href":"https:\/\/encuentroinformativo.com.mx\/index.php?rest_route=%2Fwp%2Fv2%2Fcomments&post=64697"}],"version-history":[{"count":2,"href":"https:\/\/encuentroinformativo.com.mx\/index.php?rest_route=\/wp\/v2\/posts\/64697\/revisions"}],"predecessor-version":[{"id":64700,"href":"https:\/\/encuentroinformativo.com.mx\/index.php?rest_route=\/wp\/v2\/posts\/64697\/revisions\/64700"}],"wp:featuredmedia":[{"embeddable":true,"href":"https:\/\/encuentroinformativo.com.mx\/index.php?rest_route=\/wp\/v2\/media\/64698"}],"wp:attachment":[{"href":"https:\/\/encuentroinformativo.com.mx\/index.php?rest_route=%2Fwp%2Fv2%2Fmedia&parent=64697"}],"wp:term":[{"taxonomy":"category","embeddable":true,"href":"https:\/\/encuentroinformativo.com.mx\/index.php?rest_route=%2Fwp%2Fv2%2Fcategories&post=64697"},{"taxonomy":"post_tag","embeddable":true,"href":"https:\/\/encuentroinformativo.com.mx\/index.php?rest_route=%2Fwp%2Fv2%2Ftags&post=64697"}],"curies":[{"name":"wp","href":"https:\/\/api.w.org\/{rel}","templated":true}]}}