{"id":64701,"date":"2025-03-13T11:57:13","date_gmt":"2025-03-13T17:57:13","guid":{"rendered":"https:\/\/encuentroinformativo.com.mx\/?p=64701"},"modified":"2025-03-13T11:57:13","modified_gmt":"2025-03-13T17:57:13","slug":"fusion-de-secretarias-afectara-incentivos-para-espacios-culturales","status":"publish","type":"post","link":"https:\/\/encuentroinformativo.com.mx\/?p=64701","title":{"rendered":"Fusi\u00f3n de secretar\u00edas afectar\u00e1 incentivos para espacios culturales"},"content":{"rendered":"<p><strong>Dar\u00edo Pale<\/strong><\/p>\n<p>Xalapa, Ver.- Sector cultural se opone a la fusi\u00f3n de la Secretar\u00eda de Cultura de Veracruz (SECVER) y la Secretar\u00eda de Turismo (SECTUR), la iniciativa desconoce el Acuerdo de creaci\u00f3n de la SECVER, presentado y avalado por el Congreso del Estado de Veracruz en 2023, ya que la fusi\u00f3n pone en riesgo la permanencia de convocatorias, iniciativas y vocaci\u00f3n de los espacios culturales gestionados por la SECVER.<\/p>\n<p>En conferencia de prensa integrantes de un peque\u00f1o grupo que en representaci\u00f3n de unas 500 compa\u00f1eros que est\u00e1n dando un \u201cNO\u201d rotundo a la fusi\u00f3n y crearon por medio de redes sociales y pone en riesgo la permanencia de convocatoria de incentivos y espacios culturales.<\/p>\n<p>En la conferencia estuvieron presentes Paty Ibison, Pablo Ruiz, Maritza Santos y Natalia quienes expusieron que dicha iniciativa muestra el desconocimiento de los funcionarios p\u00fablicos sobre la funci\u00f3n y prop\u00f3sitos que se desarrollan en el sector cultural veracruzano y representa un retroceso.<\/p>\n<p>Se\u00f1alaron que las comunidades y organizaciones art\u00edsticas, culturales y creativas del estado de Veracruz, expresan su desacuerdo con la propuesta de la gobernadora Roc\u00edo Nahle Garc\u00eda, respecto a la fusi\u00f3n de la SECVER y la SECTUR, ya que dichas dependencias responden a distintos prop\u00f3sitos, agendas y necesidades.<\/p>\n<p>&#8220;La diversidad y la riqueza art\u00edstica y cultural de nuestro estado no es una mercanc\u00eda, en tanto, que la participaci\u00f3n en la vida cultural es un derecho que va m\u00e1s all\u00e1 de la promoci\u00f3n tur\u00edstica&#8221;, se\u00f1alaron.<\/p>\n<p>Asimismo, comentaron que acorde con lo expresado por la gobernadora, la fusi\u00f3n de las Secretar\u00edas responde a principios econ\u00f3micos y burocr\u00e1ticos, &#8220;no obstante, como parte de la planeaci\u00f3n de la pol\u00edtica p\u00fablica, solicitamos se presenten p\u00fablicamente las problem\u00e1ticas detectadas en el sector cultural, los diagn\u00f3sticos que fueron aplicados, as\u00ed como la evaluaci\u00f3n correspondiente que llev\u00f3 a tomar la decisi\u00f3n de fusionar dos dependencias p\u00fablicas en el estado&#8221;.<\/p>\n<p>Al respecto, precisaron que las pol\u00edticas p\u00fablicas culturales no pueden ni deben reducirse a criterios de eficiencia econ\u00f3mico &#8211; administrativa o de costo &#8211; beneficio, &#8220;pues \u00e9stas deben ser dise\u00f1adas e instrumentadas para el ejercicio de los derechos culturales y el desarrollo humano de los y las veracruzanas&#8221;.<\/p>\n<p>Adem\u00e1s, dijeron que el criterio de eficiencia tambi\u00e9n se contrapone con las pol\u00edticas culturales de base comunitaria promovidas por el gobierno federal o lo suscrito en la Agenda 2030 y la Conferencia Mundial de la UNESCO sobre Pol\u00edticas Culturales y Desarrollo Sostenible.<\/p>\n<p>&#8220;Por otra parte, la fusi\u00f3n de dos dependencias gubernamentales representa para sus trabajadores el despido o desempleo, pues se duplicar\u00e1n puestos o desaparecer\u00e1n direcciones; la SECVER corre el riesgo de convertirse en una &#8220;proveedora de atractivos tur\u00edsticos&#8221;, expusieron.<\/p>\n<p>Por ello, recordaron que las pr\u00e1cticas y expresiones art\u00edsticas, creativas y culturales en el estado de Veracruz no son un &#8220;gasto&#8221;, por el contrario, &#8220;son las ra\u00edces que sostienen y cohesionan la trama social de los y las veracruzanas; desde ah\u00ed, tod@s construimos nuestras identidades, sentidos de pertenencia y, en colectividad, compartimos, valoramos y habitamos este territorio&#8221;.<\/p>\n<p>Tambi\u00e9n detallaron que los artistas, creadores, realizadores, promotores, gestores y emprendedores culturales, &#8220;contribuimos al desarrollo econ\u00f3mico, social y cultural de las comunidades, y aportamos a la econom\u00eda creativa en el estado, en tanto que a la Secretar\u00eda de Cultura de Veracruz le compete dar las condiciones que lo garanticen&#8221;.<\/p>\n<p>Por todo lo anterior, instaron a las autoridades de la SECVER a que se cumpla con lo establecido en el Decreto de creaci\u00f3n y den a conocer el presupuesto que le fue asignado a la dependencia.<\/p>\n<p>Solicitan a la gobernadora Roc\u00edo Nahle Garc\u00eda detenga esta iniciativa y acepte su solicitud de audiencia que fue entregada este jueves en sus oficinas, misma que ha sido suscrita por m\u00e1s de cuatrocientos agentes culturales.<\/p>\n<p>&#8220;Hacemos una extensiva invitaci\u00f3n a las y los legisladores, a las y los trabajadores de la SECVER y la SECTUR a sumarse al di\u00e1logo con la gobernadora, as\u00ed como a los pueblos originarios y afrodescendientes, a las comunidades art\u00edsticas, culturales, acad\u00e9micas, y al pueblo veracruzano&#8221;.<\/p>\n<p>En Veracruz, comentaron, las y los agentes culturales &#8220;sabemos impulsar, promover, gestionar, administrar, difundir, habitar y disfrutar, nuestra diversidad y riqueza creativa, art\u00edstica y cultural&#8221;.<\/p>\n<p>Finalmente se\u00f1alaron que en Veracruz, las y los agentes culturales veracruzanos &#8220;promovemos la participaci\u00f3n, hacemos comunidad y ejercemos nuestros derechos culturales. Porque la cultura veracruzana no es un souvenir&#8221;.<\/p>\n","protected":false},"excerpt":{"rendered":"<p>Dar\u00edo Pale Xalapa, Ver.- Sector cultural se opone a la fusi\u00f3n de la Secretar\u00eda de Cultura de Veracruz (SECVER) y la Secretar\u00eda de Turismo (SECTUR), la iniciativa desconoce el Acuerdo de creaci\u00f3n de la SECVER, presentado y avalado por el Congreso del Estado de Veracruz en 2023, ya que la fusi\u00f3n pone en riesgo la [&hellip;]<\/p>\n","protected":false},"author":2476,"featured_media":64702,"comment_status":"open","ping_status":"open","sticky":false,"template":"","format":"standard","meta":{"_jetpack_memberships_contains_paid_content":false,"footnotes":""},"categories":[3],"tags":[],"class_list":["post-64701","post","type-post","status-publish","format-standard","has-post-thumbnail","hentry","category-xalapa"],"jetpack_featured_media_url":"https:\/\/encuentroinformativo.com.mx\/wp-content\/uploads\/2025\/03\/IMG-20250313-WA0207.jpg","jetpack_sharing_enabled":true,"jetpack_likes_enabled":true,"amp_enabled":true,"_links":{"self":[{"href":"https:\/\/encuentroinformativo.com.mx\/index.php?rest_route=\/wp\/v2\/posts\/64701","targetHints":{"allow":["GET"]}}],"collection":[{"href":"https:\/\/encuentroinformativo.com.mx\/index.php?rest_route=\/wp\/v2\/posts"}],"about":[{"href":"https:\/\/encuentroinformativo.com.mx\/index.php?rest_route=\/wp\/v2\/types\/post"}],"author":[{"embeddable":true,"href":"https:\/\/encuentroinformativo.com.mx\/index.php?rest_route=\/wp\/v2\/users\/2476"}],"replies":[{"embeddable":true,"href":"https:\/\/encuentroinformativo.com.mx\/index.php?rest_route=%2Fwp%2Fv2%2Fcomments&post=64701"}],"version-history":[{"count":1,"href":"https:\/\/encuentroinformativo.com.mx\/index.php?rest_route=\/wp\/v2\/posts\/64701\/revisions"}],"predecessor-version":[{"id":64703,"href":"https:\/\/encuentroinformativo.com.mx\/index.php?rest_route=\/wp\/v2\/posts\/64701\/revisions\/64703"}],"wp:featuredmedia":[{"embeddable":true,"href":"https:\/\/encuentroinformativo.com.mx\/index.php?rest_route=\/wp\/v2\/media\/64702"}],"wp:attachment":[{"href":"https:\/\/encuentroinformativo.com.mx\/index.php?rest_route=%2Fwp%2Fv2%2Fmedia&parent=64701"}],"wp:term":[{"taxonomy":"category","embeddable":true,"href":"https:\/\/encuentroinformativo.com.mx\/index.php?rest_route=%2Fwp%2Fv2%2Fcategories&post=64701"},{"taxonomy":"post_tag","embeddable":true,"href":"https:\/\/encuentroinformativo.com.mx\/index.php?rest_route=%2Fwp%2Fv2%2Ftags&post=64701"}],"curies":[{"name":"wp","href":"https:\/\/api.w.org\/{rel}","templated":true}]}}