{"id":64711,"date":"2025-03-13T12:25:50","date_gmt":"2025-03-13T18:25:50","guid":{"rendered":"https:\/\/encuentroinformativo.com.mx\/?p=64711"},"modified":"2025-03-13T12:25:50","modified_gmt":"2025-03-13T18:25:50","slug":"reapertura-de-carretera-de-cumbres-de-maltrata-ayudara-en-puente-largo-cometur","status":"publish","type":"post","link":"https:\/\/encuentroinformativo.com.mx\/?p=64711","title":{"rendered":"Reapertura de carretera de Cumbres de Maltrata ayudar\u00e1 en puente largo: COMETUR"},"content":{"rendered":"<p><strong>Alejandro \u00c1vila<\/strong><\/p>\n<p>Veracruz, Ver.- La reapertura de la carretera de las Cumbres de Maltrata ayudar\u00e1 a reactivar la visita de turistas al Estado de Veracruz, toda vez que durante los meses de enero, febrero y parte de marzo, la ocupaci\u00f3n hotelera fue muy baja, reconoci\u00f3 el presidente del Consejo Metropolitano de Turismo (COMETUR), Sergio Lois Heredia.<\/p>\n<p>El empresario hotelero se\u00f1al\u00f3 que este puente es de los m\u00e1s importantes, pues marca el inicio de la ocupaci\u00f3n hotelera de cara a la Semana Santa, si en este fin de semana largo se registran buenos n\u00fameros, seguramente durante la semana mayor habr\u00e1 mejores dividendos.<\/p>\n<p>&#8220;Este a\u00f1o esperemos que as\u00ed sea, que el puente traiga buenos n\u00fameros, yo creo que s\u00ed vamos a estar manejando una afluencia bastante interesante para este fin de semana que viene y habr\u00e1 que ver si es parte aguas. De hecho este puente es tan importante que la recuperaci\u00f3n post pandemia empez\u00f3 precisamente en esta puente, despu\u00e9s del puente del 21 de marzo del 2022 empez\u00f3 la recuperaci\u00f3n, generalmente a\u00f1o con a\u00f1o empieza lo que es un repunte en la ocupaci\u00f3n a partir de este puente, tendremos que estar muy atentos a esto, y este a\u00f1o la verdad es que s\u00ed ha iniciado muy lento para lo que es la zona conurbada Veracruz &#8211; Boca del R\u00edo, con ocupaciones muy bajas lo que es enero y febrero&#8221;, explic\u00f3.<\/p>\n<p>Sergio Lois puntualiz\u00f3 que quitando el mes de diciembre del 2024, desde septiembre de ese mismo a\u00f1o se ha tenido una ocupaci\u00f3n hotelera muy baja en la entidad veracruzana, parte del problema fueron las malas condiciones en las que se encontraban las carreteras de Veracruz.<\/p>\n<p>&#8220;Tenemos entendido que ya est\u00e1 habilitada la carretera que viene por las Cumbres, que algunos meses estuvo cerrada y eso le peg\u00f3 bastante el turismo, ojal\u00e1 que ahorita que pase este puente que generalmente es un parte aguas, sumado a eso, pues podamos estaremos estar viendo una mayor afluencia tur\u00edstica (&#8230;) la mayor\u00eda del turismo que recibe Veracruz turismo carretero, lo que es en propios coches como en autobuses, entonces s\u00ed, definitivamente las carreteras ya sea que est\u00e9n cerradas o en malas condiciones nos pega bastante, nos afecta&#8221;, remat\u00f3.<\/p>\n<p>El presidente del Consejo Metropolitano de Turismo (COMETUR), Sergio Lois Heredia, reconoci\u00f3 la gesti\u00f3n de la gobernadora, Roc\u00edo Nahle Garc\u00eda, con el Gobierno Federal y la Secretar\u00eda de Infraestructura Comunicaciones y Transportes (SICT), para lograr una mejora en los tramos carreteros de la entidad veracruzana.<\/p>\n","protected":false},"excerpt":{"rendered":"<p>Alejandro \u00c1vila Veracruz, Ver.- La reapertura de la carretera de las Cumbres de Maltrata ayudar\u00e1 a reactivar la visita de turistas al Estado de Veracruz, toda vez que durante los meses de enero, febrero y parte de marzo, la ocupaci\u00f3n hotelera fue muy baja, reconoci\u00f3 el presidente del Consejo Metropolitano de Turismo (COMETUR), Sergio Lois [&hellip;]<\/p>\n","protected":false},"author":2476,"featured_media":64712,"comment_status":"open","ping_status":"open","sticky":false,"template":"","format":"standard","meta":{"_jetpack_memberships_contains_paid_content":false,"footnotes":""},"categories":[2],"tags":[],"class_list":["post-64711","post","type-post","status-publish","format-standard","has-post-thumbnail","hentry","category-estado"],"jetpack_featured_media_url":"https:\/\/encuentroinformativo.com.mx\/wp-content\/uploads\/2025\/03\/IMG-20250313-WA0262.jpg","jetpack_sharing_enabled":true,"jetpack_likes_enabled":true,"amp_enabled":true,"_links":{"self":[{"href":"https:\/\/encuentroinformativo.com.mx\/index.php?rest_route=\/wp\/v2\/posts\/64711","targetHints":{"allow":["GET"]}}],"collection":[{"href":"https:\/\/encuentroinformativo.com.mx\/index.php?rest_route=\/wp\/v2\/posts"}],"about":[{"href":"https:\/\/encuentroinformativo.com.mx\/index.php?rest_route=\/wp\/v2\/types\/post"}],"author":[{"embeddable":true,"href":"https:\/\/encuentroinformativo.com.mx\/index.php?rest_route=\/wp\/v2\/users\/2476"}],"replies":[{"embeddable":true,"href":"https:\/\/encuentroinformativo.com.mx\/index.php?rest_route=%2Fwp%2Fv2%2Fcomments&post=64711"}],"version-history":[{"count":1,"href":"https:\/\/encuentroinformativo.com.mx\/index.php?rest_route=\/wp\/v2\/posts\/64711\/revisions"}],"predecessor-version":[{"id":64713,"href":"https:\/\/encuentroinformativo.com.mx\/index.php?rest_route=\/wp\/v2\/posts\/64711\/revisions\/64713"}],"wp:featuredmedia":[{"embeddable":true,"href":"https:\/\/encuentroinformativo.com.mx\/index.php?rest_route=\/wp\/v2\/media\/64712"}],"wp:attachment":[{"href":"https:\/\/encuentroinformativo.com.mx\/index.php?rest_route=%2Fwp%2Fv2%2Fmedia&parent=64711"}],"wp:term":[{"taxonomy":"category","embeddable":true,"href":"https:\/\/encuentroinformativo.com.mx\/index.php?rest_route=%2Fwp%2Fv2%2Fcategories&post=64711"},{"taxonomy":"post_tag","embeddable":true,"href":"https:\/\/encuentroinformativo.com.mx\/index.php?rest_route=%2Fwp%2Fv2%2Ftags&post=64711"}],"curies":[{"name":"wp","href":"https:\/\/api.w.org\/{rel}","templated":true}]}}