{"id":64714,"date":"2025-03-13T12:51:42","date_gmt":"2025-03-13T18:51:42","guid":{"rendered":"https:\/\/encuentroinformativo.com.mx\/?p=64714"},"modified":"2025-03-13T12:51:42","modified_gmt":"2025-03-13T18:51:42","slug":"sentencian-a-53-anos-de-prision-a-elvis-alexis-por-tentativa-de-feminicidio","status":"publish","type":"post","link":"https:\/\/encuentroinformativo.com.mx\/?p=64714","title":{"rendered":"Sentencian a 53 a\u00f1os de prisi\u00f3n, a Elvis Alexis, por tentativa de feminicidio\u00a0"},"content":{"rendered":"<p><strong>* A 4 a\u00f1os de la brutal agresi\u00f3n, la jueza Miroslava Garc\u00eda, encontr\u00f3 las pruebas necesarias para sentenciar a Elvis por los delitos de violencia familiar y feminicidio en grado de tentativa.<\/strong><\/p>\n<p><strong>Fluvio Cesar Mart\u00ednez<\/strong><\/p>\n<p>Veracruz. &#8211; \u201cSi hay justicia gracias a Dios\u201d, fueron las palabras que Janeth Francisco L\u00f3pez expres\u00f3, luego de que Elvis Alexis, su ex pareja, fuera sentenciado a 53 a\u00f1os y 8 meses de prisi\u00f3n por los delitos de violencia familiar y tentativa de feminicidio. La sentencia se emiti\u00f3 despu\u00e9s de las 22:00 horas de este mi\u00e9rcoles 12 de marzo tras una larga audiencia en el Centro Integral de Justicia de Coatzacoalcos, al sur de Veracruz.<\/p>\n<p>La historia de Janeth ha trascendido por la forma en que fue agredida por Elvis, a tan solo un mes de haberse casado, y despu\u00e9s de varios a\u00f1os de noviazgo. El crimen se perpetro la madrugada del 14 de marzo del 2021, cuando este sujeto la golpe\u00f3, apu\u00f1alo y la atropell\u00f3.<\/p>\n<p>\u201cFueron cuatro a\u00f1os exactamente que se cumplen este 14 de marzo, de momento me siento agradecida con la Jueza, con las autoridades, a pesar de que fueron muchos d\u00edas, fue demasiado tiempo de espera, me est\u00e1n respondiendo con una pena m\u00e1xima\u201d, manifest\u00f3 a Milenio, la joven porte\u00f1a quien agradece a Dios por ser una sobreviviente a feminicidio.<\/p>\n<p>La audiencia comenz\u00f3 despu\u00e9s de las 16:00 horas de este mi\u00e9rcoles, y dur\u00f3 cerca de seis horas, hasta que la Jueza Miroslva Garc\u00eda, determin\u00f3 que existen los argumentos para sentenciar a Elvis, quien fuera detenido en diciembre del 2022 en California, Estados Unidos.<\/p>\n<p>Por el delito de violencia familiar le dictaron siete a\u00f1os de prisi\u00f3n, mientras que por el de tentativa de feminicidio 46 a\u00f1os y 8 meses, de los cuales dos ser\u00edan descontados por el tiempo que llevaba recluido en el Cereso Duport Osti\u00f3n, donde cumplir\u00e1 su condena.<\/p>\n<p>*\u00bfC\u00f3mo ocurri\u00f3 la agresi\u00f3n?*<\/p>\n<p>La madrugada del 14 de marzo del 2021, tras acudir a una fiesta, Elvis presuntamente mostr\u00f3 un ataque de celos contra su esposa, y comenz\u00f3 la discusi\u00f3n, primero la golpeo y posteriormente tomo un cuchillo para intentar matarla.<\/p>\n<p>Cuando ella quiso escapar de su casa, Elvis, la sigui\u00f3 en su veh\u00edculo y la embisti\u00f3 contra un muro de concreto. Aun cuando ya la hab\u00eda arrollado, comenz\u00f3 a apu\u00f1alarla en m\u00e1s de diez ocasiones.<\/p>\n<p>\u201cRecuerdo pr\u00e1cticamente ya que estuve consiente todo el tiempo hasta que llegue al hospital, recuerdo que \u00e9l estaba consiente de los que estaba haciendo, al grado que me pidi\u00f3 perd\u00f3n cuando me estaba apu\u00f1alando\u201d, relat\u00f3 en una breve entrevista el pasado siete de marzo.<\/p>\n<p>A pesar de que su recuperaci\u00f3n ha sido dif\u00edcil, pues se ha sometido a m\u00e1s de cuatro cirug\u00edas, Janeth de 33 a\u00f1os, nunca de dejo de luchar ni exigir porque se hiciera justicia. Este 14 de marzo se cumplir\u00e1n cuatro a\u00f1os de la agresi\u00f3n, y obtuvo la sentencia, y aunque Elvis tiene derecho a una apelaci\u00f3n, conf\u00eda en que el proceso concluya con la sentencia.<\/p>\n<p>\u201cTen\u00eda miedo de que las autoridades no me escucharan, pero gracias a todos, a la sociedad y los medios que dieron a conocer mi caso, por fin me escucharon, por eso te digo, gracias a Dios hay justicia\u201d, finaliz\u00f3.<\/p>\n","protected":false},"excerpt":{"rendered":"<p>* A 4 a\u00f1os de la brutal agresi\u00f3n, la jueza Miroslava Garc\u00eda, encontr\u00f3 las pruebas necesarias para sentenciar a Elvis por los delitos de violencia familiar y feminicidio en grado de tentativa. Fluvio Cesar Mart\u00ednez Veracruz. &#8211; \u201cSi hay justicia gracias a Dios\u201d, fueron las palabras que Janeth Francisco L\u00f3pez expres\u00f3, luego de que Elvis [&hellip;]<\/p>\n","protected":false},"author":2476,"featured_media":64715,"comment_status":"open","ping_status":"open","sticky":false,"template":"","format":"standard","meta":{"_jetpack_memberships_contains_paid_content":false,"footnotes":""},"categories":[2],"tags":[],"class_list":["post-64714","post","type-post","status-publish","format-standard","has-post-thumbnail","hentry","category-estado"],"jetpack_featured_media_url":"https:\/\/encuentroinformativo.com.mx\/wp-content\/uploads\/2025\/03\/IMG-20250313-WA0178.jpg","jetpack_sharing_enabled":true,"jetpack_likes_enabled":true,"amp_enabled":true,"_links":{"self":[{"href":"https:\/\/encuentroinformativo.com.mx\/index.php?rest_route=\/wp\/v2\/posts\/64714","targetHints":{"allow":["GET"]}}],"collection":[{"href":"https:\/\/encuentroinformativo.com.mx\/index.php?rest_route=\/wp\/v2\/posts"}],"about":[{"href":"https:\/\/encuentroinformativo.com.mx\/index.php?rest_route=\/wp\/v2\/types\/post"}],"author":[{"embeddable":true,"href":"https:\/\/encuentroinformativo.com.mx\/index.php?rest_route=\/wp\/v2\/users\/2476"}],"replies":[{"embeddable":true,"href":"https:\/\/encuentroinformativo.com.mx\/index.php?rest_route=%2Fwp%2Fv2%2Fcomments&post=64714"}],"version-history":[{"count":1,"href":"https:\/\/encuentroinformativo.com.mx\/index.php?rest_route=\/wp\/v2\/posts\/64714\/revisions"}],"predecessor-version":[{"id":64716,"href":"https:\/\/encuentroinformativo.com.mx\/index.php?rest_route=\/wp\/v2\/posts\/64714\/revisions\/64716"}],"wp:featuredmedia":[{"embeddable":true,"href":"https:\/\/encuentroinformativo.com.mx\/index.php?rest_route=\/wp\/v2\/media\/64715"}],"wp:attachment":[{"href":"https:\/\/encuentroinformativo.com.mx\/index.php?rest_route=%2Fwp%2Fv2%2Fmedia&parent=64714"}],"wp:term":[{"taxonomy":"category","embeddable":true,"href":"https:\/\/encuentroinformativo.com.mx\/index.php?rest_route=%2Fwp%2Fv2%2Fcategories&post=64714"},{"taxonomy":"post_tag","embeddable":true,"href":"https:\/\/encuentroinformativo.com.mx\/index.php?rest_route=%2Fwp%2Fv2%2Ftags&post=64714"}],"curies":[{"name":"wp","href":"https:\/\/api.w.org\/{rel}","templated":true}]}}