{"id":64717,"date":"2025-03-13T12:59:10","date_gmt":"2025-03-13T18:59:10","guid":{"rendered":"https:\/\/encuentroinformativo.com.mx\/?p=64717"},"modified":"2025-03-13T12:59:10","modified_gmt":"2025-03-13T18:59:10","slug":"invitan-a-expo-aves-xalapa","status":"publish","type":"post","link":"https:\/\/encuentroinformativo.com.mx\/?p=64717","title":{"rendered":"Invitan a Expo Aves Xalapa"},"content":{"rendered":"<p><strong>Dar\u00edo Pale<\/strong><\/p>\n<p>Xalapa, Ver.- Cristian V\u00e1zquez dio a conocer que este domingo 16 de marzo se llevar\u00e1 a cabo la Expo Aves Xalapa en la que habr\u00e1 palomas, gallinas de raza, periquitos ingleses, ninfas y agapornes, ser\u00e1 cerca del parque del abuelo.<\/p>\n<p>En conferencia de prensa, dieron a conocer que los cambios clim\u00e1ticos con los calores intensos, recomend\u00f3 que los animales no est\u00e9n directamente en el sol, esto a pesar que las aves necesitan de los rayos solares para tener un mejor plumaje, pero se debe de evitar la insolaci\u00f3n y deben de estar ventiladas.<\/p>\n<p>Con el calor las aves tambi\u00e9n se pueden intoxicar, y tienen una temperatura corporal muy alta, por lo que recomiendan que no haya muchas aves juntas y que no est\u00e9n en una caja o en un corral muy peque\u00f1o, ya que se pueden ahogar.<\/p>\n<p>Los organizadores expusieron que se trata de un evento familiar y la entrada ser\u00e1 gratuita, en el evento habr\u00e1 expositores, stands de venta, accesorios para mascotas, alimentos para mascotas y juegos infantiles.<\/p>\n<p>El lugar del evento se encuentra en la avenida Villahermosa No. 1210, entre Acapulco y Coatzacoalcos, a una cuadra del parque del abuelo.<\/p>\n<p>Para participar es necesario un alto est\u00e1ndar de calidad tanto de los criadores como de los cuidadores y esperan la participaci\u00f3n de m\u00e1s 400 aves en la competencia, esto servir\u00e1 para que se contin\u00faen preservando diferentes razas.<\/p>\n<p>Finalmente se\u00f1alaron que para mayor informaci\u00f3n, se proporcionan los n\u00fameros de contacto 22 81 78 04 77 y 22 82 93 29 99.<\/p>\n","protected":false},"excerpt":{"rendered":"<p>Dar\u00edo Pale Xalapa, Ver.- Cristian V\u00e1zquez dio a conocer que este domingo 16 de marzo se llevar\u00e1 a cabo la Expo Aves Xalapa en la que habr\u00e1 palomas, gallinas de raza, periquitos ingleses, ninfas y agapornes, ser\u00e1 cerca del parque del abuelo. En conferencia de prensa, dieron a conocer que los cambios clim\u00e1ticos con los [&hellip;]<\/p>\n","protected":false},"author":2476,"featured_media":64718,"comment_status":"open","ping_status":"open","sticky":false,"template":"","format":"standard","meta":{"_jetpack_memberships_contains_paid_content":false,"footnotes":""},"categories":[3],"tags":[],"class_list":["post-64717","post","type-post","status-publish","format-standard","has-post-thumbnail","hentry","category-xalapa"],"jetpack_featured_media_url":"https:\/\/encuentroinformativo.com.mx\/wp-content\/uploads\/2025\/03\/IMG-20250313-WA0282.jpg","jetpack_sharing_enabled":true,"jetpack_likes_enabled":true,"amp_enabled":true,"_links":{"self":[{"href":"https:\/\/encuentroinformativo.com.mx\/index.php?rest_route=\/wp\/v2\/posts\/64717","targetHints":{"allow":["GET"]}}],"collection":[{"href":"https:\/\/encuentroinformativo.com.mx\/index.php?rest_route=\/wp\/v2\/posts"}],"about":[{"href":"https:\/\/encuentroinformativo.com.mx\/index.php?rest_route=\/wp\/v2\/types\/post"}],"author":[{"embeddable":true,"href":"https:\/\/encuentroinformativo.com.mx\/index.php?rest_route=\/wp\/v2\/users\/2476"}],"replies":[{"embeddable":true,"href":"https:\/\/encuentroinformativo.com.mx\/index.php?rest_route=%2Fwp%2Fv2%2Fcomments&post=64717"}],"version-history":[{"count":1,"href":"https:\/\/encuentroinformativo.com.mx\/index.php?rest_route=\/wp\/v2\/posts\/64717\/revisions"}],"predecessor-version":[{"id":64719,"href":"https:\/\/encuentroinformativo.com.mx\/index.php?rest_route=\/wp\/v2\/posts\/64717\/revisions\/64719"}],"wp:featuredmedia":[{"embeddable":true,"href":"https:\/\/encuentroinformativo.com.mx\/index.php?rest_route=\/wp\/v2\/media\/64718"}],"wp:attachment":[{"href":"https:\/\/encuentroinformativo.com.mx\/index.php?rest_route=%2Fwp%2Fv2%2Fmedia&parent=64717"}],"wp:term":[{"taxonomy":"category","embeddable":true,"href":"https:\/\/encuentroinformativo.com.mx\/index.php?rest_route=%2Fwp%2Fv2%2Fcategories&post=64717"},{"taxonomy":"post_tag","embeddable":true,"href":"https:\/\/encuentroinformativo.com.mx\/index.php?rest_route=%2Fwp%2Fv2%2Ftags&post=64717"}],"curies":[{"name":"wp","href":"https:\/\/api.w.org\/{rel}","templated":true}]}}