{"id":6472,"date":"2020-10-03T12:30:30","date_gmt":"2020-10-03T17:30:30","guid":{"rendered":"https:\/\/encuentroinformativo.com.mx\/?p=6472"},"modified":"2020-10-03T12:32:36","modified_gmt":"2020-10-03T17:32:36","slug":"cancelado-el-encierro-de-burro-en-alvarado-aplicaran-sanciones","status":"publish","type":"post","link":"https:\/\/encuentroinformativo.com.mx\/?p=6472","title":{"rendered":"Cancelado el Encierro de Burro en Alvarado, aplicar\u00e1n sanciones"},"content":{"rendered":"\n<p><strong>Alejandro \u00c1vila<\/strong><\/p>\n\n\n\n<p>Veracruz, Ver.- Debido a la pandemia por COVID-19 fueron suspendidas todas las actividades de las fiestas patronales en Alvarado, mismas que se realizan en octubre en honor a la Virgen del Rosario.<\/p>\n\n\n\n<p>A trav\u00e9s de un comunicado, el Ayuntamiento de Alvarado que encabeza el alcalde Bogar Ruiz Rosas confirm\u00f3 que todas las actividades de octubre que se realizan en honor a la Virgen del Rosario han sido canceladas y el municipio no ha convocado a llevar cabo ninguno de ellas, incluso las de corte religioso.<\/p>\n\n\n\n<p>En la circular que se emiti\u00f3 v\u00eda redes sociales, se dijo que han notado diversas invitaciones de la ciudadan\u00eda para reunirse el segundo s\u00e1bado de octubre, para realizar de manera alterna el tradicional Encierro de Burros -desfile donde los hombres se visten de mujeres y pasean por las calles arriba de un asno, actividad tradicional que es una mofa de las clases altas de anta\u00f1o-, pero esta se aclar\u00f3 tambi\u00e9n ha quedado suspendida y a quien se le sorprenda organizando dicha actividad, ser\u00e1 consignada a las autoridades competentes.<\/p>\n\n\n\n<p>\u201cA toda persona que se sorprendida convocando a reuniones multitudinarias de cualquier \u00edndole, y poniendo en riesgo la salud de la poblaci\u00f3n, ser\u00e1 consignada ante las autoridades competentes\u201d, se lee en la circular.<\/p>\n\n\n\n<p>Finalmente, el Ayuntamiento hace un exhorto a la ciudadan\u00eda para que contin\u00faen con los esfuerzos y se comprometan a cuidarse ellos y sus familias, aclarando que en el sem\u00e1foro epidemiol\u00f3gico, el municipio de Alvarado es a\u00fan color naranja.<\/p>\n","protected":false},"excerpt":{"rendered":"<p>Alejandro \u00c1vila Veracruz, Ver.- Debido a la pandemia por COVID-19 fueron suspendidas todas las actividades de las fiestas patronales en Alvarado, mismas que se realizan en octubre en honor a la Virgen del Rosario. A trav\u00e9s de un comunicado, el Ayuntamiento de Alvarado que encabeza el alcalde Bogar Ruiz Rosas confirm\u00f3 que todas las actividades [&hellip;]<\/p>\n","protected":false},"author":1,"featured_media":6473,"comment_status":"open","ping_status":"open","sticky":false,"template":"","format":"standard","meta":{"_jetpack_memberships_contains_paid_content":false,"footnotes":""},"categories":[2],"tags":[],"class_list":["post-6472","post","type-post","status-publish","format-standard","has-post-thumbnail","hentry","category-estado"],"jetpack_featured_media_url":"https:\/\/encuentroinformativo.com.mx\/wp-content\/uploads\/2020\/10\/3FD17058-8A6E-4131-B971-BB856513221C.jpeg","jetpack_sharing_enabled":true,"jetpack_likes_enabled":true,"amp_enabled":true,"_links":{"self":[{"href":"https:\/\/encuentroinformativo.com.mx\/index.php?rest_route=\/wp\/v2\/posts\/6472","targetHints":{"allow":["GET"]}}],"collection":[{"href":"https:\/\/encuentroinformativo.com.mx\/index.php?rest_route=\/wp\/v2\/posts"}],"about":[{"href":"https:\/\/encuentroinformativo.com.mx\/index.php?rest_route=\/wp\/v2\/types\/post"}],"author":[{"embeddable":true,"href":"https:\/\/encuentroinformativo.com.mx\/index.php?rest_route=\/wp\/v2\/users\/1"}],"replies":[{"embeddable":true,"href":"https:\/\/encuentroinformativo.com.mx\/index.php?rest_route=%2Fwp%2Fv2%2Fcomments&post=6472"}],"version-history":[{"count":2,"href":"https:\/\/encuentroinformativo.com.mx\/index.php?rest_route=\/wp\/v2\/posts\/6472\/revisions"}],"predecessor-version":[{"id":6475,"href":"https:\/\/encuentroinformativo.com.mx\/index.php?rest_route=\/wp\/v2\/posts\/6472\/revisions\/6475"}],"wp:featuredmedia":[{"embeddable":true,"href":"https:\/\/encuentroinformativo.com.mx\/index.php?rest_route=\/wp\/v2\/media\/6473"}],"wp:attachment":[{"href":"https:\/\/encuentroinformativo.com.mx\/index.php?rest_route=%2Fwp%2Fv2%2Fmedia&parent=6472"}],"wp:term":[{"taxonomy":"category","embeddable":true,"href":"https:\/\/encuentroinformativo.com.mx\/index.php?rest_route=%2Fwp%2Fv2%2Fcategories&post=6472"},{"taxonomy":"post_tag","embeddable":true,"href":"https:\/\/encuentroinformativo.com.mx\/index.php?rest_route=%2Fwp%2Fv2%2Ftags&post=6472"}],"curies":[{"name":"wp","href":"https:\/\/api.w.org\/{rel}","templated":true}]}}