{"id":64724,"date":"2025-03-13T16:06:02","date_gmt":"2025-03-13T22:06:02","guid":{"rendered":"https:\/\/encuentroinformativo.com.mx\/?p=64724"},"modified":"2025-03-13T16:06:02","modified_gmt":"2025-03-13T22:06:02","slug":"en-mayo-feria-del-mango-en-actopan","status":"publish","type":"post","link":"https:\/\/encuentroinformativo.com.mx\/?p=64724","title":{"rendered":"En Mayo, feria del mango en Actopan"},"content":{"rendered":"<p><strong>Dar\u00edo Pale<\/strong><\/p>\n<p>Xalapa, Ver.- La alcaldesa de Actopan, Mar\u00eda Esther L\u00f3pez Callejas, invit\u00f3 a la Feria del mango, que es una tradici\u00f3n del municipio y que se realizar\u00e1 en el mes de mayo porque coincide con la temporada de cosecha del fruto tropical m\u00e1s rico.<\/p>\n<p>En conferencia de prensa se\u00f1al\u00f3 que este a\u00f1o, la Feria del mango se realizar\u00e1 del 8 al 11 de mayo en el recinto Ferial localizado en la carretera Actopan-La Bocana colonia Guadalupana.<\/p>\n<p>&#8220;Ya sea a orilla del r\u00edo, de la carretera o en las fincas m\u00e1s pr\u00f3speras, florece el mango de calidad de Actopan&#8221;, coment\u00f3.<\/p>\n<p>Asimismo, record\u00f3 que desde 1975, tradicionalmente se realiza una celebraci\u00f3n en honor a este producto natural como emblema de la abundancia de esta tierra.<\/p>\n<p>&#8220;Inicialmente organizada por Juntas de mejoras y m\u00e1s tarde, por el gobierno municipal, como hoy en d\u00eda, la Feria ofrece una variedad de actividades culturales, gastron\u00f3micas, artesanales&#8221;, inform\u00f3.<\/p>\n<p>Al respecto, detall\u00f3 que entre las atracciones m\u00e1s destacadas est\u00e1n los desfiles con carros aleg\u00f3ricos, cabalgatas, espect\u00e1culos infantiles, familiares, exposiciones, muestras de ballet folcl\u00f3rico, eventos diversos y por supuesto el certamen para la elecci\u00f3n de la corte real de la Feria.<\/p>\n<p>En el recinto ferial, los visitantes pueden disfrutar de juegos mec\u00e1nicos, exposici\u00f3n de artesan\u00edas, as\u00ed como una amplia oferta gastron\u00f3mica que incluye platillos t\u00edpicos y antojitos mexicanos.<\/p>\n<p>La alcaldesa expuso que la feria tambi\u00e9n cuenta con presentaciones art\u00edsticas en el Teatro del Pueblo, donde se han presentado artistas de renombre nacional e internacional.<\/p>\n<p>&#8220;En los \u00faltimos tres a\u00f1os, Actopan ha tenido las mejores Ferias del mango de la historia&#8221;, acot\u00f3.<\/p>\n<p>A lo largo de los a\u00f1os, abund\u00f3, la Feria del Mango ha evolucionado, incorporando nuevas actividades y atracciones para atraer a un p\u00fablico m\u00e1s amplio y promover el turismo de la regi\u00f3n.<\/p>\n<p>Finalmente inform\u00f3 que la cosecha de mango es la actividad agr\u00edcola fundamental en la regi\u00f3n, &#8220;en Actopan hay 3,500 hect\u00e1reas de mango, m\u00e1s de 200 productores en todo el municipio, el 70% de la producci\u00f3n de mango en Actopan es dominada por el manila, el 30% restante es para la producci\u00f3n de: ataulfo, kent, haden y tommy, el mango actope\u00f1o es rico en az\u00facares naturales, textura \u00fanica y el mejor jugo&#8221;.<\/p>\n","protected":false},"excerpt":{"rendered":"<p>Dar\u00edo Pale Xalapa, Ver.- La alcaldesa de Actopan, Mar\u00eda Esther L\u00f3pez Callejas, invit\u00f3 a la Feria del mango, que es una tradici\u00f3n del municipio y que se realizar\u00e1 en el mes de mayo porque coincide con la temporada de cosecha del fruto tropical m\u00e1s rico. En conferencia de prensa se\u00f1al\u00f3 que este a\u00f1o, la Feria [&hellip;]<\/p>\n","protected":false},"author":2476,"featured_media":64725,"comment_status":"open","ping_status":"open","sticky":false,"template":"","format":"standard","meta":{"_jetpack_memberships_contains_paid_content":false,"footnotes":""},"categories":[8],"tags":[],"class_list":["post-64724","post","type-post","status-publish","format-standard","has-post-thumbnail","hentry","category-region"],"jetpack_featured_media_url":"https:\/\/encuentroinformativo.com.mx\/wp-content\/uploads\/2025\/03\/IMG-20250313-WA0414.jpg","jetpack_sharing_enabled":true,"jetpack_likes_enabled":true,"amp_enabled":true,"_links":{"self":[{"href":"https:\/\/encuentroinformativo.com.mx\/index.php?rest_route=\/wp\/v2\/posts\/64724","targetHints":{"allow":["GET"]}}],"collection":[{"href":"https:\/\/encuentroinformativo.com.mx\/index.php?rest_route=\/wp\/v2\/posts"}],"about":[{"href":"https:\/\/encuentroinformativo.com.mx\/index.php?rest_route=\/wp\/v2\/types\/post"}],"author":[{"embeddable":true,"href":"https:\/\/encuentroinformativo.com.mx\/index.php?rest_route=\/wp\/v2\/users\/2476"}],"replies":[{"embeddable":true,"href":"https:\/\/encuentroinformativo.com.mx\/index.php?rest_route=%2Fwp%2Fv2%2Fcomments&post=64724"}],"version-history":[{"count":1,"href":"https:\/\/encuentroinformativo.com.mx\/index.php?rest_route=\/wp\/v2\/posts\/64724\/revisions"}],"predecessor-version":[{"id":64726,"href":"https:\/\/encuentroinformativo.com.mx\/index.php?rest_route=\/wp\/v2\/posts\/64724\/revisions\/64726"}],"wp:featuredmedia":[{"embeddable":true,"href":"https:\/\/encuentroinformativo.com.mx\/index.php?rest_route=\/wp\/v2\/media\/64725"}],"wp:attachment":[{"href":"https:\/\/encuentroinformativo.com.mx\/index.php?rest_route=%2Fwp%2Fv2%2Fmedia&parent=64724"}],"wp:term":[{"taxonomy":"category","embeddable":true,"href":"https:\/\/encuentroinformativo.com.mx\/index.php?rest_route=%2Fwp%2Fv2%2Fcategories&post=64724"},{"taxonomy":"post_tag","embeddable":true,"href":"https:\/\/encuentroinformativo.com.mx\/index.php?rest_route=%2Fwp%2Fv2%2Ftags&post=64724"}],"curies":[{"name":"wp","href":"https:\/\/api.w.org\/{rel}","templated":true}]}}