{"id":64737,"date":"2025-03-13T23:47:18","date_gmt":"2025-03-14T05:47:18","guid":{"rendered":"https:\/\/encuentroinformativo.com.mx\/?p=64737"},"modified":"2025-03-13T23:47:18","modified_gmt":"2025-03-14T05:47:18","slug":"presentan-en-el-palacio-legislativo-la-exposicion-out-of-darkness","status":"publish","type":"post","link":"https:\/\/encuentroinformativo.com.mx\/?p=64737","title":{"rendered":"Presentan en el Palacio Legislativo la exposici\u00f3n \u201cOut of Darkness\u201d"},"content":{"rendered":"<p style=\"font-weight: 400;\"><strong>* Est\u00e1 abierta al p\u00fablico en general del 13 de marzo al 07 de abril.<\/strong><\/p>\n<p style=\"font-weight: 400;\">Xalapa, Ver.- Este jueves, en el Palacio Legislativo fue inaugurada la exposici\u00f3n \u201cOut of Darkness\u201d (Fuera de la Oscuridad), del artista dan\u00e9s Emil Tonne Staal, inspirada en \u201cuna exploraci\u00f3n po\u00e9tica de la luz y la oscuridad que ofrece una perspectiva \u00fanica sobre el poder transformador de la gratitud\u201d de acuerdo con el autor.<\/p>\n<p style=\"font-weight: 400;\">Despu\u00e9s de cortar el list\u00f3n inaugural, Emil Tonne Staal explic\u00f3 que estas expresiones art\u00edsticas son producto de apreciar los detalles y reflejos de la luz en la vida diaria. \u201cPor dos a\u00f1os escrib\u00ed diez cosas por las que agradecer, a pesar del caos que me rodeaba. Tras este periodo tritur\u00e9 ese papel y lo mezcl\u00e9 con pintura acr\u00edlica; de esa pasta espesa molde\u00e9 en peque\u00f1os relieves, criaturas del pensamiento, algunas de animales familiares en expresiones abstractas y otras m\u00e1s de los reinos del sue\u00f1o y la realidad\u201d, dijo.<\/p>\n<p style=\"font-weight: 400;\">La obra, agreg\u00f3, \u201cpretende descubrir que la luz y la oscuridad no son tan diferentes, e inclusive en los rincones m\u00e1s oscuros del ser se puede encontrar la belleza en la gratitud diaria; emociones que se plasman a trav\u00e9s de pinceladas decididas, \u00e1speras y r\u00e1pidas que emulan las duras y \u00e1speras luchas internas de cada persona&#8221;.<\/p>\n<p style=\"font-weight: 400;\">Completando la exposici\u00f3n, el artista present\u00f3 un performance alusivo al contenido de la misma.<\/p>\n<p style=\"font-weight: 400;\">La inauguraci\u00f3n cont\u00f3 con la asistencia de la coordinadora de Archivo, Biblioteca y Hemeroteca, Ana Mar\u00eda Vallines C\u00e1sares, amigos del expositor, personal del Congreso del Estado y p\u00fablico en general.<\/p>\n<p style=\"font-weight: 400;\">Los 16 lienzos monocrom\u00e1ticos est\u00e1n expuestos del 13 de marzo al 07 de abril de 09:00 a 18:00 horas, en pasillos del Palacio Legislativo, ubicado en avenida Encanto esquina con avenida L\u00e1zaro C\u00e1rdenas, colonia El Mirador en Xalapa.<\/p>\n","protected":false},"excerpt":{"rendered":"<p>* Est\u00e1 abierta al p\u00fablico en general del 13 de marzo al 07 de abril. Xalapa, Ver.- Este jueves, en el Palacio Legislativo fue inaugurada la exposici\u00f3n \u201cOut of Darkness\u201d (Fuera de la Oscuridad), del artista dan\u00e9s Emil Tonne Staal, inspirada en \u201cuna exploraci\u00f3n po\u00e9tica de la luz y la oscuridad que ofrece una perspectiva [&hellip;]<\/p>\n","protected":false},"author":2476,"featured_media":64738,"comment_status":"open","ping_status":"open","sticky":false,"template":"","format":"standard","meta":{"_jetpack_memberships_contains_paid_content":false,"footnotes":""},"categories":[2],"tags":[],"class_list":["post-64737","post","type-post","status-publish","format-standard","has-post-thumbnail","hentry","category-estado"],"jetpack_featured_media_url":"https:\/\/encuentroinformativo.com.mx\/wp-content\/uploads\/2025\/03\/NOV13MARZO2025EXPODARK2.jpeg","jetpack_sharing_enabled":true,"jetpack_likes_enabled":true,"amp_enabled":true,"_links":{"self":[{"href":"https:\/\/encuentroinformativo.com.mx\/index.php?rest_route=\/wp\/v2\/posts\/64737","targetHints":{"allow":["GET"]}}],"collection":[{"href":"https:\/\/encuentroinformativo.com.mx\/index.php?rest_route=\/wp\/v2\/posts"}],"about":[{"href":"https:\/\/encuentroinformativo.com.mx\/index.php?rest_route=\/wp\/v2\/types\/post"}],"author":[{"embeddable":true,"href":"https:\/\/encuentroinformativo.com.mx\/index.php?rest_route=\/wp\/v2\/users\/2476"}],"replies":[{"embeddable":true,"href":"https:\/\/encuentroinformativo.com.mx\/index.php?rest_route=%2Fwp%2Fv2%2Fcomments&post=64737"}],"version-history":[{"count":1,"href":"https:\/\/encuentroinformativo.com.mx\/index.php?rest_route=\/wp\/v2\/posts\/64737\/revisions"}],"predecessor-version":[{"id":64739,"href":"https:\/\/encuentroinformativo.com.mx\/index.php?rest_route=\/wp\/v2\/posts\/64737\/revisions\/64739"}],"wp:featuredmedia":[{"embeddable":true,"href":"https:\/\/encuentroinformativo.com.mx\/index.php?rest_route=\/wp\/v2\/media\/64738"}],"wp:attachment":[{"href":"https:\/\/encuentroinformativo.com.mx\/index.php?rest_route=%2Fwp%2Fv2%2Fmedia&parent=64737"}],"wp:term":[{"taxonomy":"category","embeddable":true,"href":"https:\/\/encuentroinformativo.com.mx\/index.php?rest_route=%2Fwp%2Fv2%2Fcategories&post=64737"},{"taxonomy":"post_tag","embeddable":true,"href":"https:\/\/encuentroinformativo.com.mx\/index.php?rest_route=%2Fwp%2Fv2%2Ftags&post=64737"}],"curies":[{"name":"wp","href":"https:\/\/api.w.org\/{rel}","templated":true}]}}