{"id":64743,"date":"2025-03-14T00:05:30","date_gmt":"2025-03-14T06:05:30","guid":{"rendered":"https:\/\/encuentroinformativo.com.mx\/?p=64743"},"modified":"2025-03-14T00:05:30","modified_gmt":"2025-03-14T06:05:30","slug":"sin-exito-concluye-la-busqueda-de-menor-extraviado-en-playa-de-montepio","status":"publish","type":"post","link":"https:\/\/encuentroinformativo.com.mx\/?p=64743","title":{"rendered":"Sin \u00e9xito concluye la b\u00fasqueda de menor extraviado en playa de Montep\u00edo"},"content":{"rendered":"<p><strong>Armando Azamar<\/strong><\/p>\n<p>San Andr\u00e9s Tuxtla, Ver.- La Secretar\u00eda de Protecci\u00f3n Civil del gobierno del estado as\u00ed como protecci\u00f3n civil regional y municipal, han concluido con la b\u00fasqueda de Juan Pablo Herrera Suarez, menor de 13 a\u00f1os quien fuera arrastrado por las olas del mar frente a la playa Montep\u00edo en San Andr\u00e9s Tuxtla el pasado domingo 9 de marzo.<\/p>\n<p>El operativo se realiz\u00f3 desde el primer d\u00eda de su desaparici\u00f3n v\u00eda a\u00e9rea y mar\u00edtima, sin resultados favorables, un caso que ha consternado a la poblaci\u00f3n pues a pesar del intenso operativo de b\u00fasqueda al que se sumaron lancheros y pescadores, fue imposible localizar el cuerpo.<\/p>\n<p>Se cumplieron casi las cien horas de una intensa b\u00fasqueda, con la esperanza de regresar el cuerpo del menor a sus padres y darle cristiana sepultura.<\/p>\n<p>La familia procedente de Irapuato, perteneciente al estado de Guanajuato, hab\u00eda venido a vacacionar, y a pesar de los efectos del Frente fr\u00edo n\u00famero 33, hicieron caso omiso y decidieron meterse a ba\u00f1ar al mar.<\/p>\n<p>El director de Protecci\u00f3n Civil de San Andr\u00e9s Tuxtla, Josu\u00e9 Ceja Espejo, refiri\u00f3 que el caso ya fue turnado a la Comisi\u00f3n Estatal de B\u00fasqueda de Personas, y hay una posibilidad de que el cuerpo sea arrojado este fin de semana hacia la zona de costa del sur de Veracruz, como Coatzacoalcos o incluso, las playas de Pajapan.<\/p>\n","protected":false},"excerpt":{"rendered":"<p>Armando Azamar San Andr\u00e9s Tuxtla, Ver.- La Secretar\u00eda de Protecci\u00f3n Civil del gobierno del estado as\u00ed como protecci\u00f3n civil regional y municipal, han concluido con la b\u00fasqueda de Juan Pablo Herrera Suarez, menor de 13 a\u00f1os quien fuera arrastrado por las olas del mar frente a la playa Montep\u00edo en San Andr\u00e9s Tuxtla el pasado [&hellip;]<\/p>\n","protected":false},"author":2476,"featured_media":64744,"comment_status":"open","ping_status":"open","sticky":false,"template":"","format":"standard","meta":{"_jetpack_memberships_contains_paid_content":false,"footnotes":""},"categories":[2],"tags":[],"class_list":["post-64743","post","type-post","status-publish","format-standard","has-post-thumbnail","hentry","category-estado"],"jetpack_featured_media_url":"https:\/\/encuentroinformativo.com.mx\/wp-content\/uploads\/2025\/03\/IMG-20250313-WA0626.jpg","jetpack_sharing_enabled":true,"jetpack_likes_enabled":true,"amp_enabled":true,"_links":{"self":[{"href":"https:\/\/encuentroinformativo.com.mx\/index.php?rest_route=\/wp\/v2\/posts\/64743","targetHints":{"allow":["GET"]}}],"collection":[{"href":"https:\/\/encuentroinformativo.com.mx\/index.php?rest_route=\/wp\/v2\/posts"}],"about":[{"href":"https:\/\/encuentroinformativo.com.mx\/index.php?rest_route=\/wp\/v2\/types\/post"}],"author":[{"embeddable":true,"href":"https:\/\/encuentroinformativo.com.mx\/index.php?rest_route=\/wp\/v2\/users\/2476"}],"replies":[{"embeddable":true,"href":"https:\/\/encuentroinformativo.com.mx\/index.php?rest_route=%2Fwp%2Fv2%2Fcomments&post=64743"}],"version-history":[{"count":1,"href":"https:\/\/encuentroinformativo.com.mx\/index.php?rest_route=\/wp\/v2\/posts\/64743\/revisions"}],"predecessor-version":[{"id":64745,"href":"https:\/\/encuentroinformativo.com.mx\/index.php?rest_route=\/wp\/v2\/posts\/64743\/revisions\/64745"}],"wp:featuredmedia":[{"embeddable":true,"href":"https:\/\/encuentroinformativo.com.mx\/index.php?rest_route=\/wp\/v2\/media\/64744"}],"wp:attachment":[{"href":"https:\/\/encuentroinformativo.com.mx\/index.php?rest_route=%2Fwp%2Fv2%2Fmedia&parent=64743"}],"wp:term":[{"taxonomy":"category","embeddable":true,"href":"https:\/\/encuentroinformativo.com.mx\/index.php?rest_route=%2Fwp%2Fv2%2Fcategories&post=64743"},{"taxonomy":"post_tag","embeddable":true,"href":"https:\/\/encuentroinformativo.com.mx\/index.php?rest_route=%2Fwp%2Fv2%2Ftags&post=64743"}],"curies":[{"name":"wp","href":"https:\/\/api.w.org\/{rel}","templated":true}]}}