{"id":64756,"date":"2025-03-14T12:57:38","date_gmt":"2025-03-14T18:57:38","guid":{"rendered":"https:\/\/encuentroinformativo.com.mx\/?p=64756"},"modified":"2025-03-14T12:57:38","modified_gmt":"2025-03-14T18:57:38","slug":"con-ley-vicaria-ya-no-se-revictimizara-a-madres-e-infantes-de-veracruz-daniela-suarez","status":"publish","type":"post","link":"https:\/\/encuentroinformativo.com.mx\/?p=64756","title":{"rendered":"Con Ley Vicaria ya no se revictimizar\u00e1 a madres e infantes de Veracruz: Daniela Su\u00e1rez"},"content":{"rendered":"<p><strong>Alejandro \u00c1vila<\/strong><\/p>\n<p>Veracruz, Ver.- Con la aprobaci\u00f3n en Veracruz de la Ley Vicaria se evitar\u00e1 revictimizar a madres e infantes durante los procesos judiciales venideros, se\u00f1al\u00f3 Daniela del Carmen Su\u00e1rez de los Santos, integrante del Primer Tribunal Colegiado en Materia Penal con sede en Boca del R\u00edo.<\/p>\n<p>La ex integrante de la Suprema Corte de Justicia de la Naci\u00f3n (SCJN) resalt\u00f3 la protecci\u00f3n que se le dar\u00e1 a las mujeres con la aprobaci\u00f3n de la Ley Vicaria en el Congreso de Veracruz, sabiendo que los hijos ya no ser\u00e1n utilizados como medios de manipulaci\u00f3n, da\u00f1o o violencia contra las madres veracruzanas.<\/p>\n<p>&#8220;Lo que pasa en este tipo de asuntos es que se da\u00f1a a los infantes y posteriormente se busca incluso denunciar a la madre, cuando la madre sale del seno familiar para poner a salvo a sus hijos y a ella. Entonces, en muchos casos se le denuncia por retenci\u00f3n o sustracci\u00f3n de menores, cuando hay un caso evidente de violencia familiar y evidente de violencia vicaria, es muy importante que estos asuntos se miren con enfoque de Derechos Humanos, que se mire con enfoque de g\u00e9nero y que se miden con visi\u00f3n interseccional, porque aqu\u00ed los afectados, la violencia vicaria no solo da\u00f1a a mujeres da\u00f1a a las infancias, y las infancias deben de ser principalmente protegidas por el principio del inter\u00e9s superior de la infancia&#8221;,subray\u00f3.<\/p>\n<p>En ese sentido, puntualiz\u00f3 que la perspectiva de g\u00e9nero es una metodolog\u00eda que implica mirar las desigualdades de desequilibrio entre ambas partes, visualizar las intersecciones que lastiman y afectan solamente a las mujeres, por lo que aclar\u00f3 que, las personas juzgadoras tienen una vasta l\u00ednea jurisprudencial misma que ya ha desarrollado la Corte Interamericana de Derechos Humanos, la Suprema Corte de Justicia de la Naci\u00f3n y otros protocolos con los cuales se pueden apoyar para juzgar con perspectiva de g\u00e9nero.<\/p>\n<p>Daniela Su\u00e1rez de los Santos, Maestra en Derecho ofreci\u00f3 una conferencia a los alumnos de la Escuela de Derecho A.C. en el Puerto de Veracruz, sobre el tema &#8220;Criterios Relevantes de la SCJN en Materia de Derechos Humanos&#8221;, la ma\u00f1ana de este viernes.<\/p>\n","protected":false},"excerpt":{"rendered":"<p>Alejandro \u00c1vila Veracruz, Ver.- Con la aprobaci\u00f3n en Veracruz de la Ley Vicaria se evitar\u00e1 revictimizar a madres e infantes durante los procesos judiciales venideros, se\u00f1al\u00f3 Daniela del Carmen Su\u00e1rez de los Santos, integrante del Primer Tribunal Colegiado en Materia Penal con sede en Boca del R\u00edo. La ex integrante de la Suprema Corte de [&hellip;]<\/p>\n","protected":false},"author":2476,"featured_media":64757,"comment_status":"open","ping_status":"open","sticky":false,"template":"","format":"standard","meta":{"_jetpack_memberships_contains_paid_content":false,"footnotes":""},"categories":[2],"tags":[],"class_list":["post-64756","post","type-post","status-publish","format-standard","has-post-thumbnail","hentry","category-estado"],"jetpack_featured_media_url":"https:\/\/encuentroinformativo.com.mx\/wp-content\/uploads\/2025\/03\/IMG-20250314-WA00692.jpg","jetpack_sharing_enabled":true,"jetpack_likes_enabled":true,"amp_enabled":true,"_links":{"self":[{"href":"https:\/\/encuentroinformativo.com.mx\/index.php?rest_route=\/wp\/v2\/posts\/64756","targetHints":{"allow":["GET"]}}],"collection":[{"href":"https:\/\/encuentroinformativo.com.mx\/index.php?rest_route=\/wp\/v2\/posts"}],"about":[{"href":"https:\/\/encuentroinformativo.com.mx\/index.php?rest_route=\/wp\/v2\/types\/post"}],"author":[{"embeddable":true,"href":"https:\/\/encuentroinformativo.com.mx\/index.php?rest_route=\/wp\/v2\/users\/2476"}],"replies":[{"embeddable":true,"href":"https:\/\/encuentroinformativo.com.mx\/index.php?rest_route=%2Fwp%2Fv2%2Fcomments&post=64756"}],"version-history":[{"count":1,"href":"https:\/\/encuentroinformativo.com.mx\/index.php?rest_route=\/wp\/v2\/posts\/64756\/revisions"}],"predecessor-version":[{"id":64758,"href":"https:\/\/encuentroinformativo.com.mx\/index.php?rest_route=\/wp\/v2\/posts\/64756\/revisions\/64758"}],"wp:featuredmedia":[{"embeddable":true,"href":"https:\/\/encuentroinformativo.com.mx\/index.php?rest_route=\/wp\/v2\/media\/64757"}],"wp:attachment":[{"href":"https:\/\/encuentroinformativo.com.mx\/index.php?rest_route=%2Fwp%2Fv2%2Fmedia&parent=64756"}],"wp:term":[{"taxonomy":"category","embeddable":true,"href":"https:\/\/encuentroinformativo.com.mx\/index.php?rest_route=%2Fwp%2Fv2%2Fcategories&post=64756"},{"taxonomy":"post_tag","embeddable":true,"href":"https:\/\/encuentroinformativo.com.mx\/index.php?rest_route=%2Fwp%2Fv2%2Ftags&post=64756"}],"curies":[{"name":"wp","href":"https:\/\/api.w.org\/{rel}","templated":true}]}}