{"id":6476,"date":"2020-10-03T12:48:49","date_gmt":"2020-10-03T17:48:49","guid":{"rendered":"https:\/\/encuentroinformativo.com.mx\/?p=6476"},"modified":"2020-10-03T12:48:52","modified_gmt":"2020-10-03T17:48:52","slug":"buscan-a-persona-desaparecida-en-rio-jamapa","status":"publish","type":"post","link":"https:\/\/encuentroinformativo.com.mx\/?p=6476","title":{"rendered":"Buscan a persona desaparecida en r\u00edo Jamapa"},"content":{"rendered":"\n<p><strong>*Habr\u00eda ca\u00eddo al r\u00edo en estado de ebriedad. <\/strong><br><br><strong>Alejandro \u00c1vila<\/strong><\/p>\n\n\n\n<p>Jamapa, Ver.- Desde el pasado 1 de octubre, personal de Protecci\u00f3n Civil y Bomberos municipales de Jamapa fueron alertados de la desaparici\u00f3n de Javier Amado Morales de poco m\u00e1s de 40 a\u00f1os, quien presuntamente habr\u00eda entrado al r\u00edo de Jamapa en estado de ebriedad.<\/p>\n\n\n\n<p>El Comandante de Bomberos de Jamapa, Ricardo Mendiola, detall\u00f3 que el jueves cerca de las 7 de la noche, la se\u00f1ora Leidu Morales de 77 a\u00f1os, madre del desaparecido, acudi\u00f3 a la direcci\u00f3n de Protecci\u00f3n Civil Municipal para dar conocimiento de la ausencia de su hijo y solicitar el apoyo en su b\u00fasqueda.<\/p>\n\n\n\n<p>\u201cSe dice que andaba por las orillas del r\u00edo en estado et\u00edlico, desde ese d\u00eda, del d\u00eda primero por la tarde no lo encuentran, se ha dado a la b\u00fasqueda elementos de Protecci\u00f3n Civil Municipal, Bomberos Municipales y PC del Estado, y hasta hoy van dos d\u00edas de b\u00fasqueda si rastro alguno\u201d, coment\u00f3.<\/p>\n\n\n\n<p>Durante todo el viernes se realizaron operativos por agua y tierra para localizar a Javier Amado sin \u00e9xito alguno, por lo que a partir de este s\u00e1bado 3 de octubre, con apoyo de elementos de Protecci\u00f3n Civil Estatal y rescatistas de la Cruz Roja continuar\u00e1n con la b\u00fasqueda.<\/p>\n\n\n\n<p>Familiares y amigos han apoyado en la b\u00fasqueda terrestre, mientras que las corporaciones de Protecci\u00f3n Civil de Jamapa y el Cuerpo de Bomberos del municipio han realizado las labores acu\u00e1ticas para lograr dar con la persona, hoy a\u00fan desaparecida.<\/p>\n","protected":false},"excerpt":{"rendered":"<p>*Habr\u00eda ca\u00eddo al r\u00edo en estado de ebriedad. Alejandro \u00c1vila Jamapa, Ver.- Desde el pasado 1 de octubre, personal de Protecci\u00f3n Civil y Bomberos municipales de Jamapa fueron alertados de la desaparici\u00f3n de Javier Amado Morales de poco m\u00e1s de 40 a\u00f1os, quien presuntamente habr\u00eda entrado al r\u00edo de Jamapa en estado de ebriedad. El [&hellip;]<\/p>\n","protected":false},"author":1,"featured_media":6477,"comment_status":"open","ping_status":"open","sticky":false,"template":"","format":"standard","meta":{"_jetpack_memberships_contains_paid_content":false,"footnotes":""},"categories":[2],"tags":[],"class_list":["post-6476","post","type-post","status-publish","format-standard","has-post-thumbnail","hentry","category-estado"],"jetpack_featured_media_url":"https:\/\/encuentroinformativo.com.mx\/wp-content\/uploads\/2020\/10\/9F863A55-31B8-4059-A6D9-EA9246E3FDAD.jpeg","jetpack_sharing_enabled":true,"jetpack_likes_enabled":true,"amp_enabled":true,"_links":{"self":[{"href":"https:\/\/encuentroinformativo.com.mx\/index.php?rest_route=\/wp\/v2\/posts\/6476","targetHints":{"allow":["GET"]}}],"collection":[{"href":"https:\/\/encuentroinformativo.com.mx\/index.php?rest_route=\/wp\/v2\/posts"}],"about":[{"href":"https:\/\/encuentroinformativo.com.mx\/index.php?rest_route=\/wp\/v2\/types\/post"}],"author":[{"embeddable":true,"href":"https:\/\/encuentroinformativo.com.mx\/index.php?rest_route=\/wp\/v2\/users\/1"}],"replies":[{"embeddable":true,"href":"https:\/\/encuentroinformativo.com.mx\/index.php?rest_route=%2Fwp%2Fv2%2Fcomments&post=6476"}],"version-history":[{"count":1,"href":"https:\/\/encuentroinformativo.com.mx\/index.php?rest_route=\/wp\/v2\/posts\/6476\/revisions"}],"predecessor-version":[{"id":6478,"href":"https:\/\/encuentroinformativo.com.mx\/index.php?rest_route=\/wp\/v2\/posts\/6476\/revisions\/6478"}],"wp:featuredmedia":[{"embeddable":true,"href":"https:\/\/encuentroinformativo.com.mx\/index.php?rest_route=\/wp\/v2\/media\/6477"}],"wp:attachment":[{"href":"https:\/\/encuentroinformativo.com.mx\/index.php?rest_route=%2Fwp%2Fv2%2Fmedia&parent=6476"}],"wp:term":[{"taxonomy":"category","embeddable":true,"href":"https:\/\/encuentroinformativo.com.mx\/index.php?rest_route=%2Fwp%2Fv2%2Fcategories&post=6476"},{"taxonomy":"post_tag","embeddable":true,"href":"https:\/\/encuentroinformativo.com.mx\/index.php?rest_route=%2Fwp%2Fv2%2Ftags&post=6476"}],"curies":[{"name":"wp","href":"https:\/\/api.w.org\/{rel}","templated":true}]}}