{"id":64770,"date":"2025-03-14T14:40:13","date_gmt":"2025-03-14T20:40:13","guid":{"rendered":"https:\/\/encuentroinformativo.com.mx\/?p=64770"},"modified":"2025-03-14T14:40:13","modified_gmt":"2025-03-14T20:40:13","slug":"cero-impunidad-haremos-al-sur-sureste-fuerte-y-solido-rocio-nahle","status":"publish","type":"post","link":"https:\/\/encuentroinformativo.com.mx\/?p=64770","title":{"rendered":"Cero impunidad, haremos al sur sureste fuerte y s\u00f3lido: Roc\u00edo Nahle"},"content":{"rendered":"<p><strong>Alejandro \u00c1vila<\/strong><\/p>\n<p>Veracruz, Ver.- La gobernadora de Veracruz, Roc\u00edo Nahle Garc\u00eda, resalt\u00f3 el esfuerzo realizado con sus pares de Oaxaca y Puebla, para consolidar al sur sureste como una zona fuerte, s\u00f3lida y de cero impunidad en seguridad y procuraci\u00f3n de justicia.<\/p>\n<p>&#8220;Sabemos lo que queremos para nuestra patria, sabemos lo que queremos para nuestros ciudadanos en cada Estado, as\u00ed es que bienvenidos, me da mucho gusto, vamos a colaborar vamos a coordinarnos como lo hemos estado haciendo y vamos a tener un sur sureste fuerte, s\u00f3lido, hist\u00f3rico&#8221;, sentenci\u00f3.<\/p>\n<p>La ma\u00f1ana de este viernes firm\u00f3 en el Faro Venustiano Carranza del puerto de Veracruz, el Convenio de Colaboraci\u00f3n y Coordinaci\u00f3n en Materia de Seguridad con los Estados de Puebla y Oaxaca, evento al cual asistieron los gobernadores, Alejandro Armenta y Salom\u00f3n Jara, respectivamente.<\/p>\n<p>&#8220;Todos sabemos lo que tenemos que resolver, los que tenemos que actuar y hay un factor com\u00fan, cero impunidad, porque nosotros tenemos que garantizar la seguridad de todos los pobladores, de todos los ciudadanos y es parte de lo que marca esta Cuarta Transformaci\u00f3n&#8221;, subray\u00f3.<\/p>\n<p>La mandataria estatal agreg\u00f3 que estos trabajos ir\u00e1n en conjunto con el proyecto de seguridad que encabeza la presidenta, Claudia Sheinbaum Pardo, y el secretario de Seguridad y Protecci\u00f3n Ciudadan, Omar Garc\u00eda Harfuch.<\/p>\n<p>&#8220;Con esto cubrimos una de las grandes fronteras que tiene nuestro gran Estado de Veracruz, y esto es una coordinaci\u00f3n para los elementos de seguridad y de procuraci\u00f3n de justicia tengan una coordinaci\u00f3n, un tr\u00e1nsito entre nuestros l\u00edmites, fluido, quien est\u00e9 en Puebla y tenga temas en Veracruz inmediatamente con la coordinaci\u00f3n vamos a dar acceso, y de igual manera aqu\u00ed con nosotros con este convenio no va a haber un l\u00edmite, vamos a trabajar en total armon\u00eda&#8221;, culmin\u00f3.<\/p>\n","protected":false},"excerpt":{"rendered":"<p>Alejandro \u00c1vila Veracruz, Ver.- La gobernadora de Veracruz, Roc\u00edo Nahle Garc\u00eda, resalt\u00f3 el esfuerzo realizado con sus pares de Oaxaca y Puebla, para consolidar al sur sureste como una zona fuerte, s\u00f3lida y de cero impunidad en seguridad y procuraci\u00f3n de justicia. &#8220;Sabemos lo que queremos para nuestra patria, sabemos lo que queremos para nuestros [&hellip;]<\/p>\n","protected":false},"author":2476,"featured_media":64771,"comment_status":"open","ping_status":"open","sticky":false,"template":"","format":"standard","meta":{"_jetpack_memberships_contains_paid_content":false,"footnotes":""},"categories":[2],"tags":[],"class_list":["post-64770","post","type-post","status-publish","format-standard","has-post-thumbnail","hentry","category-estado"],"jetpack_featured_media_url":"https:\/\/encuentroinformativo.com.mx\/wp-content\/uploads\/2025\/03\/IMG-20250314-WA01612-scaled.jpg","jetpack_sharing_enabled":true,"jetpack_likes_enabled":true,"amp_enabled":true,"_links":{"self":[{"href":"https:\/\/encuentroinformativo.com.mx\/index.php?rest_route=\/wp\/v2\/posts\/64770","targetHints":{"allow":["GET"]}}],"collection":[{"href":"https:\/\/encuentroinformativo.com.mx\/index.php?rest_route=\/wp\/v2\/posts"}],"about":[{"href":"https:\/\/encuentroinformativo.com.mx\/index.php?rest_route=\/wp\/v2\/types\/post"}],"author":[{"embeddable":true,"href":"https:\/\/encuentroinformativo.com.mx\/index.php?rest_route=\/wp\/v2\/users\/2476"}],"replies":[{"embeddable":true,"href":"https:\/\/encuentroinformativo.com.mx\/index.php?rest_route=%2Fwp%2Fv2%2Fcomments&post=64770"}],"version-history":[{"count":1,"href":"https:\/\/encuentroinformativo.com.mx\/index.php?rest_route=\/wp\/v2\/posts\/64770\/revisions"}],"predecessor-version":[{"id":64772,"href":"https:\/\/encuentroinformativo.com.mx\/index.php?rest_route=\/wp\/v2\/posts\/64770\/revisions\/64772"}],"wp:featuredmedia":[{"embeddable":true,"href":"https:\/\/encuentroinformativo.com.mx\/index.php?rest_route=\/wp\/v2\/media\/64771"}],"wp:attachment":[{"href":"https:\/\/encuentroinformativo.com.mx\/index.php?rest_route=%2Fwp%2Fv2%2Fmedia&parent=64770"}],"wp:term":[{"taxonomy":"category","embeddable":true,"href":"https:\/\/encuentroinformativo.com.mx\/index.php?rest_route=%2Fwp%2Fv2%2Fcategories&post=64770"},{"taxonomy":"post_tag","embeddable":true,"href":"https:\/\/encuentroinformativo.com.mx\/index.php?rest_route=%2Fwp%2Fv2%2Ftags&post=64770"}],"curies":[{"name":"wp","href":"https:\/\/api.w.org\/{rel}","templated":true}]}}