{"id":64773,"date":"2025-03-14T16:47:55","date_gmt":"2025-03-14T22:47:55","guid":{"rendered":"https:\/\/encuentroinformativo.com.mx\/?p=64773"},"modified":"2025-03-14T16:47:55","modified_gmt":"2025-03-14T22:47:55","slug":"en-breve-se-aprobara-listado-definitivo-de-casillas-josue-cervantes","status":"publish","type":"post","link":"https:\/\/encuentroinformativo.com.mx\/?p=64773","title":{"rendered":"En breve se aprobar\u00e1 listado definitivo de casillas: Josu\u00e9 Cervantes"},"content":{"rendered":"<p><strong>Dar\u00edo Pale<\/strong><\/p>\n<p>Xalapa, Ver.- El vocal ejecutivo de<br \/>\nde la Junta Local Ejecutiva del INE en Veracruz, Josu\u00e9 Cervantes Mart\u00ednez, indic\u00f3 que la situaci\u00f3n financiera del INE es reducida.<\/p>\n<p>Sin embargo dijo que se espera tener los recursos necesarios para la pr\u00f3xima elecci\u00f3n judicial y en este sentido se\u00f1al\u00f3 que se encuentran en la integraci\u00f3n de las casillas.<\/p>\n<p>Abund\u00f3 qu\u00e9 se prev\u00e9 la instalaci\u00f3n de dos casillas especiales en Veracruz, una en Xalapa y otra en el puerto de Veracruz, pero estim\u00f3 qu\u00e9 el pr\u00f3ximo 25 de marzo se aprobar\u00e1 el listado definitivo de casillas b\u00e1sicas y contigua.<\/p>\n<p>\u201cY justamente hoy sesionan los consejos distritales del INE, van a aprobar dos de ellos, una casilla especial en Xalapa, una casilla especial en Veracruz, para poder procesar la operaci\u00f3n nada m\u00e1s y el 25 de marzo se aprueba el grueso de las casillas b\u00e1sicas y contiguas, tambi\u00e9n para poder judicial\u201d, se\u00f1al\u00f3.<\/p>\n<p>Y es que coment\u00f3 que debido a que se realizar\u00e1n dos elecciones concurrentes, se requiere un mayor n\u00famero de ciudadanos para fungir como funcionarios de casilla, pues record\u00f3 que adem\u00e1s se har\u00e1 la elecci\u00f3n municipal.<\/p>\n<p>\u201cJustamente el d\u00eda de ayer tuvimos una reuni\u00f3n con la Secretar\u00eda de Seguridad P\u00fablica, las personas titulares de los centros de reinserci\u00f3n social, se cambiaron algunos titulares y entonces les fuimos a exponer nuevamente cu\u00e1l es el convenio, cu\u00e1les son los compromisos que se establecieron con el propio se\u00f1or secretario de Seguridad P\u00fablica, por supuesto.<br \/>\nnuevamente\u201d, coment\u00f3.<\/p>\n<p>\u201cEntonces, en este momento estamos en el periodo de cerrar lo que ser\u00eda la inscripci\u00f3n de quienes quieren votar, nos dijeron que quieren votar desde estos centros para ya proceder a la impresi\u00f3n del Estado nominal, estamos en el \u00faltimo tramo para el Estado nominal, s\u00ed, son un poquito m\u00e1s de 3 mil, o 3,049 si no me falla la memoria\u201d, agreg\u00f3.<\/p>\n<p>Dio a conocer que son aproximadamente 200 personas que est\u00e1n postradas las que han solicitado emitir su voto de igual forma 17 personas que son cuidadoras de personas enfermas y que no pueden asistir a una casilla, estas emitir\u00edan su voto del 12 al 21 de mayo.<\/p>\n<p>En otro tema, coment\u00f3 que con la firma del Convenio General entre el Instituto Nacional Electoral (INE) de Veracruz y el Organismo P\u00fablico Local Electoral (OPLE) se da continuidad al modelo nacional para la celebraci\u00f3n de las elecciones en un marco de coordinaci\u00f3n y colaboraci\u00f3n.<\/p>\n<p>Finalmente cabe se\u00f1alar que este viernes, el INE y el OPLE firmaron el Convenio General de Coordinaci\u00f3n y Colaboraci\u00f3n para hacer efectiva la realizaci\u00f3n del Proceso Electoral Extraordinario para la Elecci\u00f3n del Poder Judicial Local 2024-2025.<\/p>\n<p>&nbsp;<\/p>\n","protected":false},"excerpt":{"rendered":"<p>Dar\u00edo Pale Xalapa, Ver.- El vocal ejecutivo de de la Junta Local Ejecutiva del INE en Veracruz, Josu\u00e9 Cervantes Mart\u00ednez, indic\u00f3 que la situaci\u00f3n financiera del INE es reducida. Sin embargo dijo que se espera tener los recursos necesarios para la pr\u00f3xima elecci\u00f3n judicial y en este sentido se\u00f1al\u00f3 que se encuentran en la integraci\u00f3n [&hellip;]<\/p>\n","protected":false},"author":2476,"featured_media":64774,"comment_status":"open","ping_status":"open","sticky":false,"template":"","format":"standard","meta":{"_jetpack_memberships_contains_paid_content":false,"footnotes":""},"categories":[2],"tags":[],"class_list":["post-64773","post","type-post","status-publish","format-standard","has-post-thumbnail","hentry","category-estado"],"jetpack_featured_media_url":"https:\/\/encuentroinformativo.com.mx\/wp-content\/uploads\/2025\/03\/IMG-20250314-WA0218.jpg","jetpack_sharing_enabled":true,"jetpack_likes_enabled":true,"amp_enabled":true,"_links":{"self":[{"href":"https:\/\/encuentroinformativo.com.mx\/index.php?rest_route=\/wp\/v2\/posts\/64773","targetHints":{"allow":["GET"]}}],"collection":[{"href":"https:\/\/encuentroinformativo.com.mx\/index.php?rest_route=\/wp\/v2\/posts"}],"about":[{"href":"https:\/\/encuentroinformativo.com.mx\/index.php?rest_route=\/wp\/v2\/types\/post"}],"author":[{"embeddable":true,"href":"https:\/\/encuentroinformativo.com.mx\/index.php?rest_route=\/wp\/v2\/users\/2476"}],"replies":[{"embeddable":true,"href":"https:\/\/encuentroinformativo.com.mx\/index.php?rest_route=%2Fwp%2Fv2%2Fcomments&post=64773"}],"version-history":[{"count":1,"href":"https:\/\/encuentroinformativo.com.mx\/index.php?rest_route=\/wp\/v2\/posts\/64773\/revisions"}],"predecessor-version":[{"id":64775,"href":"https:\/\/encuentroinformativo.com.mx\/index.php?rest_route=\/wp\/v2\/posts\/64773\/revisions\/64775"}],"wp:featuredmedia":[{"embeddable":true,"href":"https:\/\/encuentroinformativo.com.mx\/index.php?rest_route=\/wp\/v2\/media\/64774"}],"wp:attachment":[{"href":"https:\/\/encuentroinformativo.com.mx\/index.php?rest_route=%2Fwp%2Fv2%2Fmedia&parent=64773"}],"wp:term":[{"taxonomy":"category","embeddable":true,"href":"https:\/\/encuentroinformativo.com.mx\/index.php?rest_route=%2Fwp%2Fv2%2Fcategories&post=64773"},{"taxonomy":"post_tag","embeddable":true,"href":"https:\/\/encuentroinformativo.com.mx\/index.php?rest_route=%2Fwp%2Fv2%2Ftags&post=64773"}],"curies":[{"name":"wp","href":"https:\/\/api.w.org\/{rel}","templated":true}]}}