{"id":64802,"date":"2025-03-15T15:03:18","date_gmt":"2025-03-15T21:03:18","guid":{"rendered":"https:\/\/encuentroinformativo.com.mx\/?p=64802"},"modified":"2025-03-15T15:03:18","modified_gmt":"2025-03-15T21:03:18","slug":"por-conformar-listas-nominales-de-personas-privadas-de-libertad","status":"publish","type":"post","link":"https:\/\/encuentroinformativo.com.mx\/?p=64802","title":{"rendered":"Por conformar listas nominales de personas privadas de libertad"},"content":{"rendered":"<p><strong>Dar\u00edo Pale<\/strong><\/p>\n<p>Xalapa, Ver.- El vocal ejecutivo del Registro Federal de Electores (RFE), Sergio Vera Olvera dio a conocer que ya se encuentran en los \u00faltimos tr\u00e1mites para conformaci\u00f3n de lista nominal de las persona que solicitaron emitir su votos y se encuentran en prisi\u00f3n preventiva.<\/p>\n<p>En entrevista se\u00f1al\u00f3 que, \u201cf\u00edjense que precisamente estamos nosotros ya en el \u00faltimo paso de lo que ser\u00eda la conformaci\u00f3n de la lista nominal, solamente recordarles que las personas en prisi\u00f3n preventiva tuvieron todo un procedimiento que se llev\u00f3 a cabo\u201d.<\/p>\n<p>Dijo que los centros de readaptaci\u00f3n les dieron la lista de las personas que se encontraban en esa situaci\u00f3n, son aproximadamente 4 mil 90 registros los cuales son, acompa\u00f1ados de los biom\u00e9tricos, de los internos, que est\u00e1n recluidos pero en prisi\u00f3n preventiva.<\/p>\n<p>\u201cEste proceso nos entregan todas las listas en el mes de diciembre, hacemos el comparativo contra los biom\u00e9tricos que tenemos listos en el registro federal de electores, y de ah\u00ed se conforma la primera lista, una depuraci\u00f3n por fin y de ah\u00ed la primera lista\u201d, se\u00f1al\u00f3.<\/p>\n<p>\u201cMuchos de los datos que nos dieron no coincid\u00edan con los nuestros, no coincid\u00edan, nosotros no comparamos nombres, sino que comparamos fotograf\u00edas o los rasgos antropom\u00e9tricos precisamente de cada uno de los registros que nos mandaron, por otro lado, tambi\u00e9n hubo 17 personas que no se llamaban como dec\u00edan que se llamaban y ellos nos dijeron que era el nombre correcto que coincid\u00eda con nuestra base de datos y quedamos alrededor de 3 mi 90 de los 4 mil\u201d, agreg\u00f3.<\/p>\n<p>\u00bfCu\u00e1l de los 17 centros de reinserci\u00f3n social ha mostrado mayor respuesta por parte de la poblaci\u00f3n en prisi\u00f3n preventiva?<\/p>\n<p>\u201cTodos, todos han mostrado, o sea, hemos tenido una muy buena respuesta y hay que destacarlo tambi\u00e9n la colaboraci\u00f3n que han tenido toda la Secretar\u00eda gracias a la disposici\u00f3n que tuvo la gobernadora de poder garantizar este derecho de las personas que se encuentran en prisi\u00f3n preventiva\u201d, coment\u00f3.<\/p>\n<p>En otro orden de ideas inform\u00f3 que est\u00e1n en la \u00faltima fase, \u201cen esta etapa nosotros estaremos ya pr\u00e1cticamente conformando la primera quincena de abril, porque hay que recordar que el primero de mayo, a m\u00e1s tardar, los partidos pol\u00edticos ya deben de tener la lista definitiva\u201d.<\/p>\n<p>Finalmente dijo que el \u00faltimo paso es la depuraci\u00f3n, y ya van a estar haciendo la impresi\u00f3n de las listas nominales, para que se hagan en un papel de seguridad y entregarlo tanto a los consejos distritales como a los representantes de los partidos.<\/p>\n","protected":false},"excerpt":{"rendered":"<p>Dar\u00edo Pale Xalapa, Ver.- El vocal ejecutivo del Registro Federal de Electores (RFE), Sergio Vera Olvera dio a conocer que ya se encuentran en los \u00faltimos tr\u00e1mites para conformaci\u00f3n de lista nominal de las persona que solicitaron emitir su votos y se encuentran en prisi\u00f3n preventiva. En entrevista se\u00f1al\u00f3 que, \u201cf\u00edjense que precisamente estamos nosotros [&hellip;]<\/p>\n","protected":false},"author":2476,"featured_media":64803,"comment_status":"open","ping_status":"open","sticky":false,"template":"","format":"standard","meta":{"_jetpack_memberships_contains_paid_content":false,"footnotes":""},"categories":[2],"tags":[],"class_list":["post-64802","post","type-post","status-publish","format-standard","has-post-thumbnail","hentry","category-estado"],"jetpack_featured_media_url":"https:\/\/encuentroinformativo.com.mx\/wp-content\/uploads\/2025\/03\/IMG-20250315-WA01662.jpg","jetpack_sharing_enabled":true,"jetpack_likes_enabled":true,"amp_enabled":true,"_links":{"self":[{"href":"https:\/\/encuentroinformativo.com.mx\/index.php?rest_route=\/wp\/v2\/posts\/64802","targetHints":{"allow":["GET"]}}],"collection":[{"href":"https:\/\/encuentroinformativo.com.mx\/index.php?rest_route=\/wp\/v2\/posts"}],"about":[{"href":"https:\/\/encuentroinformativo.com.mx\/index.php?rest_route=\/wp\/v2\/types\/post"}],"author":[{"embeddable":true,"href":"https:\/\/encuentroinformativo.com.mx\/index.php?rest_route=\/wp\/v2\/users\/2476"}],"replies":[{"embeddable":true,"href":"https:\/\/encuentroinformativo.com.mx\/index.php?rest_route=%2Fwp%2Fv2%2Fcomments&post=64802"}],"version-history":[{"count":1,"href":"https:\/\/encuentroinformativo.com.mx\/index.php?rest_route=\/wp\/v2\/posts\/64802\/revisions"}],"predecessor-version":[{"id":64804,"href":"https:\/\/encuentroinformativo.com.mx\/index.php?rest_route=\/wp\/v2\/posts\/64802\/revisions\/64804"}],"wp:featuredmedia":[{"embeddable":true,"href":"https:\/\/encuentroinformativo.com.mx\/index.php?rest_route=\/wp\/v2\/media\/64803"}],"wp:attachment":[{"href":"https:\/\/encuentroinformativo.com.mx\/index.php?rest_route=%2Fwp%2Fv2%2Fmedia&parent=64802"}],"wp:term":[{"taxonomy":"category","embeddable":true,"href":"https:\/\/encuentroinformativo.com.mx\/index.php?rest_route=%2Fwp%2Fv2%2Fcategories&post=64802"},{"taxonomy":"post_tag","embeddable":true,"href":"https:\/\/encuentroinformativo.com.mx\/index.php?rest_route=%2Fwp%2Fv2%2Ftags&post=64802"}],"curies":[{"name":"wp","href":"https:\/\/api.w.org\/{rel}","templated":true}]}}