{"id":64807,"date":"2025-03-15T16:05:18","date_gmt":"2025-03-15T22:05:18","guid":{"rendered":"https:\/\/encuentroinformativo.com.mx\/?p=64807"},"modified":"2025-03-15T16:05:18","modified_gmt":"2025-03-15T22:05:18","slug":"ex-jueza-angelica-demandara-reparacion-del-dano-moral","status":"publish","type":"post","link":"https:\/\/encuentroinformativo.com.mx\/?p=64807","title":{"rendered":"Ex jueza Ang\u00e9lica demandar\u00e1 reparaci\u00f3n del da\u00f1o moral"},"content":{"rendered":"<p><strong>Dar\u00edo Pale<\/strong><\/p>\n<p>Xalapa, Ver.- La ex jueza Ang\u00e9lica S\u00e1nchez Hern\u00e1ndez dio a conocer que este a\u00f1o denunciar\u00e1 a siete polic\u00edas de la Secretar\u00eda de Seguridad P\u00fablica (SSP), por desaparici\u00f3n forzada, y contra quienes firmaron en el informe policial homologado en su detenci\u00f3n en junio de 2023.<\/p>\n<p>En entrevista se\u00f1al\u00f3 que, \u201cel entonces gobernador dijo que no se iba a investigar y efectivamente no se investig\u00f3, pero yo todav\u00eda no he denunciado a los polic\u00edas por desaparici\u00f3n forzada y lo pienso hacer, estoy esperando que se den los tiempos porque desglosaron el tema ante la Fiscal\u00eda General de la Rep\u00fablica y debe decretar lo conducente\u201d.<\/p>\n<p>Se le pregunt\u00f3 si buscar\u00e1 una disculpa p\u00fablica, se\u00f1al\u00f3 que estas no sirven para nada y que lo que pedir\u00e1 es la reparaci\u00f3n econ\u00f3mica del a\u00f1o.<\/p>\n<p>Ang\u00e9lica S\u00e1nchez agreg\u00f3 que tampoco le interesa una reinstalaci\u00f3n ante la situaci\u00f3n que actualmente enfrentan los jueces es cada vez peor y si ella regresa significar\u00eda \u201cque le pusieran el pie\u201d.<\/p>\n<p>Sobre una posible reinstalaci\u00f3n en su cargo dijo que m\u00e1s que ello buscar\u00e1 la reparaci\u00f3n econ\u00f3mica pues afirm\u00f3 que acabaron con su carrera de 25 a\u00f1os.<\/p>\n<p>Finalmente dijo que \u201cel Tribunal Superior de Justicia dar\u00e1 todas las largas que pueda pero llegar\u00e1 un momento en que le sea insostenible el mandato pero m\u00e1s que una reinstalaci\u00f3n pedir\u00eda una reparaci\u00f3n del da\u00f1o moral porque acabaron con mi carrera de 25 a\u00f1os\u201d.<\/p>\n","protected":false},"excerpt":{"rendered":"<p>Dar\u00edo Pale Xalapa, Ver.- La ex jueza Ang\u00e9lica S\u00e1nchez Hern\u00e1ndez dio a conocer que este a\u00f1o denunciar\u00e1 a siete polic\u00edas de la Secretar\u00eda de Seguridad P\u00fablica (SSP), por desaparici\u00f3n forzada, y contra quienes firmaron en el informe policial homologado en su detenci\u00f3n en junio de 2023. En entrevista se\u00f1al\u00f3 que, \u201cel entonces gobernador dijo que [&hellip;]<\/p>\n","protected":false},"author":2476,"featured_media":64806,"comment_status":"open","ping_status":"open","sticky":false,"template":"","format":"standard","meta":{"_jetpack_memberships_contains_paid_content":false,"footnotes":""},"categories":[2],"tags":[],"class_list":["post-64807","post","type-post","status-publish","format-standard","has-post-thumbnail","hentry","category-estado"],"jetpack_featured_media_url":"https:\/\/encuentroinformativo.com.mx\/wp-content\/uploads\/2025\/03\/IMG-20250315-WA0179.jpg","jetpack_sharing_enabled":true,"jetpack_likes_enabled":true,"amp_enabled":true,"_links":{"self":[{"href":"https:\/\/encuentroinformativo.com.mx\/index.php?rest_route=\/wp\/v2\/posts\/64807","targetHints":{"allow":["GET"]}}],"collection":[{"href":"https:\/\/encuentroinformativo.com.mx\/index.php?rest_route=\/wp\/v2\/posts"}],"about":[{"href":"https:\/\/encuentroinformativo.com.mx\/index.php?rest_route=\/wp\/v2\/types\/post"}],"author":[{"embeddable":true,"href":"https:\/\/encuentroinformativo.com.mx\/index.php?rest_route=\/wp\/v2\/users\/2476"}],"replies":[{"embeddable":true,"href":"https:\/\/encuentroinformativo.com.mx\/index.php?rest_route=%2Fwp%2Fv2%2Fcomments&post=64807"}],"version-history":[{"count":1,"href":"https:\/\/encuentroinformativo.com.mx\/index.php?rest_route=\/wp\/v2\/posts\/64807\/revisions"}],"predecessor-version":[{"id":64808,"href":"https:\/\/encuentroinformativo.com.mx\/index.php?rest_route=\/wp\/v2\/posts\/64807\/revisions\/64808"}],"wp:featuredmedia":[{"embeddable":true,"href":"https:\/\/encuentroinformativo.com.mx\/index.php?rest_route=\/wp\/v2\/media\/64806"}],"wp:attachment":[{"href":"https:\/\/encuentroinformativo.com.mx\/index.php?rest_route=%2Fwp%2Fv2%2Fmedia&parent=64807"}],"wp:term":[{"taxonomy":"category","embeddable":true,"href":"https:\/\/encuentroinformativo.com.mx\/index.php?rest_route=%2Fwp%2Fv2%2Fcategories&post=64807"},{"taxonomy":"post_tag","embeddable":true,"href":"https:\/\/encuentroinformativo.com.mx\/index.php?rest_route=%2Fwp%2Fv2%2Ftags&post=64807"}],"curies":[{"name":"wp","href":"https:\/\/api.w.org\/{rel}","templated":true}]}}