{"id":64809,"date":"2025-03-15T18:46:06","date_gmt":"2025-03-16T00:46:06","guid":{"rendered":"https:\/\/encuentroinformativo.com.mx\/?p=64809"},"modified":"2025-03-15T18:46:06","modified_gmt":"2025-03-16T00:46:06","slug":"se-registra-xochitl-tress-por-mc-para-alcaldia-de-juan-rodriguez-clara","status":"publish","type":"post","link":"https:\/\/encuentroinformativo.com.mx\/?p=64809","title":{"rendered":"Se registra X\u00f3chitl Tress por MC para alcald\u00eda de Juan Rodr\u00edguez Clara"},"content":{"rendered":"<p><strong>Agencias<\/strong><\/p>\n<p>Coatepec, Ver.- El coordinador Nacional de Movimiento Ciudadano (MC), Jorge \u00c1lvarez M\u00e1ynez, tom\u00f3 protesta a X\u00f3chitl Tress como candidata a la alcald\u00eda de Juan Rodr\u00edguez Clara, en un evento en Coatepec al que asistieron todos los aspirantes de este partido que participar\u00e1n en las pr\u00f3ximas contiendas electorales.<\/p>\n<p>Jorge \u00c1lvarez M\u00e1ynez dijo que X\u00f3chitl Tress cuenta con todo el perfil para representar al partido en las pr\u00f3ximas elecciones municipales y asegur\u00f3 que se tendr\u00e1 una victoria contundente.<\/p>\n<p>Jorge \u00c1lvarez M\u00e1ynez expuso que X\u00f3chitl Tress recorrer\u00e1 las casas de Juan Rodr\u00edguez Clara para volver a pedir el voto para este partido, sin dejar de recordar que en las pasadas municipales este mismo partido fue el que se alz\u00f3 con la victoria.<\/p>\n<p>X\u00f3chitl Tress dijo sentirse muy agradecida con MC por la oportunidad que le brindan de pedir el voto, reiter\u00f3 que har\u00e1 el mejor papel como aspirante de MC para ganar las pr\u00f3ximas elecciones para ofrecer a la ciudadan\u00eda de Juan Rodr\u00edguez Clara un gran proyecto de gobierno.<\/p>\n","protected":false},"excerpt":{"rendered":"<p>Agencias Coatepec, Ver.- El coordinador Nacional de Movimiento Ciudadano (MC), Jorge \u00c1lvarez M\u00e1ynez, tom\u00f3 protesta a X\u00f3chitl Tress como candidata a la alcald\u00eda de Juan Rodr\u00edguez Clara, en un evento en Coatepec al que asistieron todos los aspirantes de este partido que participar\u00e1n en las pr\u00f3ximas contiendas electorales. Jorge \u00c1lvarez M\u00e1ynez dijo que X\u00f3chitl Tress [&hellip;]<\/p>\n","protected":false},"author":2476,"featured_media":64810,"comment_status":"open","ping_status":"open","sticky":false,"template":"","format":"standard","meta":{"_jetpack_memberships_contains_paid_content":false,"footnotes":""},"categories":[2],"tags":[],"class_list":["post-64809","post","type-post","status-publish","format-standard","has-post-thumbnail","hentry","category-estado"],"jetpack_featured_media_url":"https:\/\/encuentroinformativo.com.mx\/wp-content\/uploads\/2025\/03\/IMG-20250315-WA0259.jpg","jetpack_sharing_enabled":true,"jetpack_likes_enabled":true,"amp_enabled":true,"_links":{"self":[{"href":"https:\/\/encuentroinformativo.com.mx\/index.php?rest_route=\/wp\/v2\/posts\/64809","targetHints":{"allow":["GET"]}}],"collection":[{"href":"https:\/\/encuentroinformativo.com.mx\/index.php?rest_route=\/wp\/v2\/posts"}],"about":[{"href":"https:\/\/encuentroinformativo.com.mx\/index.php?rest_route=\/wp\/v2\/types\/post"}],"author":[{"embeddable":true,"href":"https:\/\/encuentroinformativo.com.mx\/index.php?rest_route=\/wp\/v2\/users\/2476"}],"replies":[{"embeddable":true,"href":"https:\/\/encuentroinformativo.com.mx\/index.php?rest_route=%2Fwp%2Fv2%2Fcomments&post=64809"}],"version-history":[{"count":1,"href":"https:\/\/encuentroinformativo.com.mx\/index.php?rest_route=\/wp\/v2\/posts\/64809\/revisions"}],"predecessor-version":[{"id":64811,"href":"https:\/\/encuentroinformativo.com.mx\/index.php?rest_route=\/wp\/v2\/posts\/64809\/revisions\/64811"}],"wp:featuredmedia":[{"embeddable":true,"href":"https:\/\/encuentroinformativo.com.mx\/index.php?rest_route=\/wp\/v2\/media\/64810"}],"wp:attachment":[{"href":"https:\/\/encuentroinformativo.com.mx\/index.php?rest_route=%2Fwp%2Fv2%2Fmedia&parent=64809"}],"wp:term":[{"taxonomy":"category","embeddable":true,"href":"https:\/\/encuentroinformativo.com.mx\/index.php?rest_route=%2Fwp%2Fv2%2Fcategories&post=64809"},{"taxonomy":"post_tag","embeddable":true,"href":"https:\/\/encuentroinformativo.com.mx\/index.php?rest_route=%2Fwp%2Fv2%2Ftags&post=64809"}],"curies":[{"name":"wp","href":"https:\/\/api.w.org\/{rel}","templated":true}]}}