{"id":64825,"date":"2025-03-17T12:22:50","date_gmt":"2025-03-17T18:22:50","guid":{"rendered":"https:\/\/encuentroinformativo.com.mx\/?p=64825"},"modified":"2025-03-17T12:22:50","modified_gmt":"2025-03-17T18:22:50","slug":"estudiantes-de-alvarado-reciben-apoyo-de-regidora-para-cursos-de-admision","status":"publish","type":"post","link":"https:\/\/encuentroinformativo.com.mx\/?p=64825","title":{"rendered":"Estudiantes de Alvarado reciben apoyo de regidora para cursos de admisi\u00f3n\u00a0"},"content":{"rendered":"<p><strong>Alejandro \u00c1vila<\/strong><\/p>\n<p>Veracruz, Ver.- De cara al examen de admisi\u00f3n de la Universidad Veracruzana (UV) y Tecnol\u00f3gico de Veracruz (ITVER) 2025, j\u00f3venes de Alvarado obtuvieron el apoyo de la regidora del Ayuntamiento de Veracruz, Lissethe Mart\u00ednez Echeverr\u00eda.<\/p>\n<p>Este proyecto que inici\u00f3 la edil de Morena desde hace 4 a\u00f1os ha roto r\u00e9cord de inscripciones en este 2025, pues casi 300 alumnos aprovechar\u00e1n los Cursos de Preparaci\u00f3n para el Examen de Admisi\u00f3n de Universidades P\u00fablicas.<\/p>\n<p>En entrevista, la regidora Lissethe Mart\u00ednez Echeverr\u00eda puntualiz\u00f3 que los cursos son totalmente gratuitos y ofertados para ayudar a las familias m\u00e1s vulnerables, aclarando que, los gastos los est\u00e1 cubriendo totalmente la edil con apoyo de instituciones educativas privadas.<\/p>\n<p>&#8220;Mayormente es del municipio de Veracruz, la verdad que s\u00ed, hay mucho inter\u00e9s de otros municipios en venir aqu\u00ed a aplicar este curso, sin embargo un 90 por ciento de los alumnos son de nuestro municipio de Veracruz (&#8230;) aqu\u00ed no se le cierran las puertas a nadie, te puedo decir, cuando vienen de otros municipios a estudiar dentro del curso que estamos dando gratuito pues son bien recibidos, sin embargo, la econom\u00eda de estas familias para poder trasladarlos de otros municipios a veces es complicado y ellos son los que deciden el poder participar o no, aqu\u00ed no se le cierran las puertas y recibimos tambi\u00e9n alumnos de Alvarado&#8221;, expres\u00f3.<\/p>\n","protected":false},"excerpt":{"rendered":"<p>Alejandro \u00c1vila Veracruz, Ver.- De cara al examen de admisi\u00f3n de la Universidad Veracruzana (UV) y Tecnol\u00f3gico de Veracruz (ITVER) 2025, j\u00f3venes de Alvarado obtuvieron el apoyo de la regidora del Ayuntamiento de Veracruz, Lissethe Mart\u00ednez Echeverr\u00eda. Este proyecto que inici\u00f3 la edil de Morena desde hace 4 a\u00f1os ha roto r\u00e9cord de inscripciones en [&hellip;]<\/p>\n","protected":false},"author":2476,"featured_media":64826,"comment_status":"open","ping_status":"open","sticky":false,"template":"","format":"standard","meta":{"_jetpack_memberships_contains_paid_content":false,"footnotes":""},"categories":[2],"tags":[],"class_list":["post-64825","post","type-post","status-publish","format-standard","has-post-thumbnail","hentry","category-estado"],"jetpack_featured_media_url":"https:\/\/encuentroinformativo.com.mx\/wp-content\/uploads\/2025\/03\/IMG-20250317-WA00622-scaled.jpg","jetpack_sharing_enabled":true,"jetpack_likes_enabled":true,"amp_enabled":true,"_links":{"self":[{"href":"https:\/\/encuentroinformativo.com.mx\/index.php?rest_route=\/wp\/v2\/posts\/64825","targetHints":{"allow":["GET"]}}],"collection":[{"href":"https:\/\/encuentroinformativo.com.mx\/index.php?rest_route=\/wp\/v2\/posts"}],"about":[{"href":"https:\/\/encuentroinformativo.com.mx\/index.php?rest_route=\/wp\/v2\/types\/post"}],"author":[{"embeddable":true,"href":"https:\/\/encuentroinformativo.com.mx\/index.php?rest_route=\/wp\/v2\/users\/2476"}],"replies":[{"embeddable":true,"href":"https:\/\/encuentroinformativo.com.mx\/index.php?rest_route=%2Fwp%2Fv2%2Fcomments&post=64825"}],"version-history":[{"count":1,"href":"https:\/\/encuentroinformativo.com.mx\/index.php?rest_route=\/wp\/v2\/posts\/64825\/revisions"}],"predecessor-version":[{"id":64827,"href":"https:\/\/encuentroinformativo.com.mx\/index.php?rest_route=\/wp\/v2\/posts\/64825\/revisions\/64827"}],"wp:featuredmedia":[{"embeddable":true,"href":"https:\/\/encuentroinformativo.com.mx\/index.php?rest_route=\/wp\/v2\/media\/64826"}],"wp:attachment":[{"href":"https:\/\/encuentroinformativo.com.mx\/index.php?rest_route=%2Fwp%2Fv2%2Fmedia&parent=64825"}],"wp:term":[{"taxonomy":"category","embeddable":true,"href":"https:\/\/encuentroinformativo.com.mx\/index.php?rest_route=%2Fwp%2Fv2%2Fcategories&post=64825"},{"taxonomy":"post_tag","embeddable":true,"href":"https:\/\/encuentroinformativo.com.mx\/index.php?rest_route=%2Fwp%2Fv2%2Ftags&post=64825"}],"curies":[{"name":"wp","href":"https:\/\/api.w.org\/{rel}","templated":true}]}}