{"id":64831,"date":"2025-03-17T12:37:53","date_gmt":"2025-03-17T18:37:53","guid":{"rendered":"https:\/\/encuentroinformativo.com.mx\/?p=64831"},"modified":"2025-03-17T12:37:53","modified_gmt":"2025-03-17T18:37:53","slug":"localizan-hombre-sin-vida-y-en-estado-de-descomposicion-en-cosoleacaque","status":"publish","type":"post","link":"https:\/\/encuentroinformativo.com.mx\/?p=64831","title":{"rendered":"Localizan hombre sin vida y en estado de descomposici\u00f3n en Cosoleacaque"},"content":{"rendered":"<p><strong>Jos\u00e9 Vargas<\/strong><\/p>\n<p>Cosoleacaque, Ver.- Un hombre fue encontrado sin vida y en avanzado estado de descomposici\u00f3n dentro de su domicilio en la calle 33 de la colonia El Naranjito, en el municipio de Cosoleacaque.<\/p>\n<p>El hallazgo ocurri\u00f3 luego de que vecinos del sector alertaran a las autoridades tras percibir olores f\u00e9tidos provenientes de la vivienda. Elementos de la Polic\u00eda Municipal acudieron al sitio y, al ingresar, localizaron el cuerpo sin vida en las escaleras. De inmediato, se notific\u00f3 a las autoridades periciales para realizar las diligencias correspondientes.<\/p>\n<p>De acuerdo con informaci\u00f3n extraoficial, el fallecido habr\u00eda intentado quitarse la vida meses atr\u00e1s ingiriendo \u00e1cido, pero en aquella ocasi\u00f3n fue auxiliado por polic\u00edas municipales y trasladado a un hospital.<\/p>\n<p>Las pruebas periciales confirmaron que la causa del deceso fue natural. El cuerpo fue trasladado al Servicio M\u00e9dico Forense (SEMEFO) para los tr\u00e1mites legales correspondientes.<\/p>\n","protected":false},"excerpt":{"rendered":"<p>Jos\u00e9 Vargas Cosoleacaque, Ver.- Un hombre fue encontrado sin vida y en avanzado estado de descomposici\u00f3n dentro de su domicilio en la calle 33 de la colonia El Naranjito, en el municipio de Cosoleacaque. El hallazgo ocurri\u00f3 luego de que vecinos del sector alertaran a las autoridades tras percibir olores f\u00e9tidos provenientes de la vivienda. [&hellip;]<\/p>\n","protected":false},"author":2476,"featured_media":64829,"comment_status":"open","ping_status":"open","sticky":false,"template":"","format":"standard","meta":{"_jetpack_memberships_contains_paid_content":false,"footnotes":""},"categories":[14],"tags":[],"class_list":["post-64831","post","type-post","status-publish","format-standard","has-post-thumbnail","hentry","category-policiaca"],"jetpack_featured_media_url":"https:\/\/encuentroinformativo.com.mx\/wp-content\/uploads\/2025\/03\/IMG-20250317-WA0042.jpg","jetpack_sharing_enabled":true,"jetpack_likes_enabled":true,"amp_enabled":true,"_links":{"self":[{"href":"https:\/\/encuentroinformativo.com.mx\/index.php?rest_route=\/wp\/v2\/posts\/64831","targetHints":{"allow":["GET"]}}],"collection":[{"href":"https:\/\/encuentroinformativo.com.mx\/index.php?rest_route=\/wp\/v2\/posts"}],"about":[{"href":"https:\/\/encuentroinformativo.com.mx\/index.php?rest_route=\/wp\/v2\/types\/post"}],"author":[{"embeddable":true,"href":"https:\/\/encuentroinformativo.com.mx\/index.php?rest_route=\/wp\/v2\/users\/2476"}],"replies":[{"embeddable":true,"href":"https:\/\/encuentroinformativo.com.mx\/index.php?rest_route=%2Fwp%2Fv2%2Fcomments&post=64831"}],"version-history":[{"count":1,"href":"https:\/\/encuentroinformativo.com.mx\/index.php?rest_route=\/wp\/v2\/posts\/64831\/revisions"}],"predecessor-version":[{"id":64832,"href":"https:\/\/encuentroinformativo.com.mx\/index.php?rest_route=\/wp\/v2\/posts\/64831\/revisions\/64832"}],"wp:featuredmedia":[{"embeddable":true,"href":"https:\/\/encuentroinformativo.com.mx\/index.php?rest_route=\/wp\/v2\/media\/64829"}],"wp:attachment":[{"href":"https:\/\/encuentroinformativo.com.mx\/index.php?rest_route=%2Fwp%2Fv2%2Fmedia&parent=64831"}],"wp:term":[{"taxonomy":"category","embeddable":true,"href":"https:\/\/encuentroinformativo.com.mx\/index.php?rest_route=%2Fwp%2Fv2%2Fcategories&post=64831"},{"taxonomy":"post_tag","embeddable":true,"href":"https:\/\/encuentroinformativo.com.mx\/index.php?rest_route=%2Fwp%2Fv2%2Ftags&post=64831"}],"curies":[{"name":"wp","href":"https:\/\/api.w.org\/{rel}","templated":true}]}}