{"id":64845,"date":"2025-03-18T11:52:55","date_gmt":"2025-03-18T17:52:55","guid":{"rendered":"https:\/\/encuentroinformativo.com.mx\/?p=64845"},"modified":"2025-03-18T11:52:55","modified_gmt":"2025-03-18T17:52:55","slug":"fusion-de-secretaria-de-cultura-disminuiria-apoyos-senalan-artistas","status":"publish","type":"post","link":"https:\/\/encuentroinformativo.com.mx\/?p=64845","title":{"rendered":"Fusi\u00f3n de Secretar\u00eda de Cultura disminuir\u00eda apoyos, se\u00f1alan artistas"},"content":{"rendered":"<p><strong>Dar\u00edo Pale<\/strong><\/p>\n<p>Xalapa, Ver.- Con la fusi\u00f3n de la Secretar\u00eda de Turismo con la de Cultura les afectar\u00eda mucho \u201csi de por s\u00ed el apoyo es poco, muy poco realmente, creo que ser\u00eda much\u00edsimo menos si ser\u00eda de esta forma\u201d, as\u00ed lo se\u00f1al\u00f3 el maestro Guillermo Rom\u00e1n director de la coral Voz de la Niebla de Xalapa.<\/p>\n<p>En conferencia de prensa coment\u00f3 que son dos instancias totalmente distintas, si bien es cierto que tienen algunos puntos de encuentro, tambi\u00e9n es cierto que cada una tiene su propia naturaleza.<\/p>\n<p>\u201cHablando espec\u00edficamente de lo que hacemos nosotros, que es tener este tipo de eventos culturales como la m\u00fasica coral la gente viene a compartir, a ense\u00f1ar, a transmitir, los conocimientos musicales se dar\u00eda en alg\u00fan punto un poco de turismo s\u00ed, pero no es la finalidad no, no es la finalidad\u201d, se\u00f1al\u00f3.<\/p>\n<p>\u201cEntonces, por supuesto que no compartimos la idea de que se unan la Secretar\u00eda de Turismo y la Secretar\u00eda de Cultura,.., pues si de por s\u00ed el apoyo es poco, muy poco realmente, creo que ser\u00eda much\u00edsimo menos si ser\u00eda de esta forma\u201d, agreg\u00f3.<\/p>\n<p>En otro orden de ideas dieron a conocer que con coros provenientes de Rosarito Baja California, Monterrey, Ciudad de M\u00e9xico, Puebla, Uruapan, M\u00e9rida y Campeche adem\u00e1s de los coros locales se presentar\u00e1n en Xalapa durante el Segundo Festival Internacional de Coros Ecos en la Niebla que se realizar\u00e1 del 3 al 6 de abril.<\/p>\n<p>Se presentar\u00e1n en diferentes sedes de la ciudad, iniciando jueves 3 en la iglesia de los Santos de los \u00daltimos D\u00edas, el viernes en el Casino Xalape\u00f1o, el s\u00e1bado al mediod\u00eda en la iglesia del Beaterio y el domingo a las 11 de la ma\u00f1ana en el Teatro J.J Herrera ser\u00e1 la clausura de este evento que reunir\u00e1 cerca de 300 participantes de distintos lugares, pues son 17 coros contando los locales.<\/p>\n<p>El organizador, Guillermo Rom\u00e1n, dio a conocer que todos los eventos son gratuitos y destac\u00f3 que se estima una derrama econ\u00f3mica local de parte de los visitantes que llegan a conocer la ciudad.<\/p>\n<p>El maestro encargado del taller viene de Venezuela. Omar Rojas va a impartir un taller de m\u00fasica latinoamericana con ritmos corporales, tambores.<\/p>\n<p>El repertorio incluye diferentes g\u00e9neros, con arreglos a temas de la m\u00fasica popular, adem\u00e1s de la m\u00fasica coral.<\/p>\n<p>En esta ocasi\u00f3n el pa\u00eds invitado es Venezuela y ser\u00e1 representado por Behomar Rojas, quien impartir\u00e1 el taller &#8220;De la libertad a la musicalidad coral\u201d d\u00f3nde estar\u00e1 compartiendo din\u00e1micas de trabajo, de ensayo y de montaje de obras corales del repertorio latinoamericano, acompa\u00f1ado de percusi\u00f3n corporal, movimientos y acompa\u00f1amiento instrumental.<\/p>\n<p>El festival es un esfuerzo independiente creado por el maestro Guillermo Rom\u00e1n, quien es catedr\u00e1tico de la Facultad de M\u00fasica de la Universidad Veracruzana secundado por las y los integrantes de La Coral Voz de la Niebla, agrupaci\u00f3n de la que es su director y que este a\u00f1o cumple ocho a\u00f1os de ininterrumpida actividad.<\/p>\n<p>El festival naci\u00f3 con el objetivo de traer a Xalapa un movimiento coral que est\u00e9 a la altura de la riqueza y diversidad cultural de la Atenas Veracruzana.<\/p>\n","protected":false},"excerpt":{"rendered":"<p>Dar\u00edo Pale Xalapa, Ver.- Con la fusi\u00f3n de la Secretar\u00eda de Turismo con la de Cultura les afectar\u00eda mucho \u201csi de por s\u00ed el apoyo es poco, muy poco realmente, creo que ser\u00eda much\u00edsimo menos si ser\u00eda de esta forma\u201d, as\u00ed lo se\u00f1al\u00f3 el maestro Guillermo Rom\u00e1n director de la coral Voz de la Niebla [&hellip;]<\/p>\n","protected":false},"author":2476,"featured_media":64846,"comment_status":"open","ping_status":"open","sticky":false,"template":"","format":"standard","meta":{"_jetpack_memberships_contains_paid_content":false,"footnotes":""},"categories":[3],"tags":[],"class_list":["post-64845","post","type-post","status-publish","format-standard","has-post-thumbnail","hentry","category-xalapa"],"jetpack_featured_media_url":"https:\/\/encuentroinformativo.com.mx\/wp-content\/uploads\/2025\/03\/IMG-20250318-WA0040.jpg","jetpack_sharing_enabled":true,"jetpack_likes_enabled":true,"amp_enabled":true,"_links":{"self":[{"href":"https:\/\/encuentroinformativo.com.mx\/index.php?rest_route=\/wp\/v2\/posts\/64845","targetHints":{"allow":["GET"]}}],"collection":[{"href":"https:\/\/encuentroinformativo.com.mx\/index.php?rest_route=\/wp\/v2\/posts"}],"about":[{"href":"https:\/\/encuentroinformativo.com.mx\/index.php?rest_route=\/wp\/v2\/types\/post"}],"author":[{"embeddable":true,"href":"https:\/\/encuentroinformativo.com.mx\/index.php?rest_route=\/wp\/v2\/users\/2476"}],"replies":[{"embeddable":true,"href":"https:\/\/encuentroinformativo.com.mx\/index.php?rest_route=%2Fwp%2Fv2%2Fcomments&post=64845"}],"version-history":[{"count":3,"href":"https:\/\/encuentroinformativo.com.mx\/index.php?rest_route=\/wp\/v2\/posts\/64845\/revisions"}],"predecessor-version":[{"id":64849,"href":"https:\/\/encuentroinformativo.com.mx\/index.php?rest_route=\/wp\/v2\/posts\/64845\/revisions\/64849"}],"wp:featuredmedia":[{"embeddable":true,"href":"https:\/\/encuentroinformativo.com.mx\/index.php?rest_route=\/wp\/v2\/media\/64846"}],"wp:attachment":[{"href":"https:\/\/encuentroinformativo.com.mx\/index.php?rest_route=%2Fwp%2Fv2%2Fmedia&parent=64845"}],"wp:term":[{"taxonomy":"category","embeddable":true,"href":"https:\/\/encuentroinformativo.com.mx\/index.php?rest_route=%2Fwp%2Fv2%2Fcategories&post=64845"},{"taxonomy":"post_tag","embeddable":true,"href":"https:\/\/encuentroinformativo.com.mx\/index.php?rest_route=%2Fwp%2Fv2%2Ftags&post=64845"}],"curies":[{"name":"wp","href":"https:\/\/api.w.org\/{rel}","templated":true}]}}